{"id":6820,"date":"2022-10-29T14:53:49","date_gmt":"2022-10-29T11:53:49","guid":{"rendered":"https:\/\/www.ulkoilutankameraa.fi\/blog\/?p=6820"},"modified":"2022-10-29T14:53:50","modified_gmt":"2022-10-29T11:53:50","slug":"kalustopaivitys-fujifilm-x-e4","status":"publish","type":"post","link":"https:\/\/www.ulkoilutankameraa.fi\/blog\/?p=6820","title":{"rendered":"Kalustop\u00e4ivitys Fujifilm X-E4"},"content":{"rendered":"\n<p>Olympus-taipaleeni on tullut p\u00e4\u00e4t\u00f6kseen. Vaihdoin aikanaan Olympukseen Canonin EOS 50D:st\u00e4, koska halusin jotain kevyemp\u00e4\u00e4 ja silloin tuntui, ett\u00e4 laatulinssit meniv\u00e4t yli budjetin ja kannettava kuorma olisi edelleen lis\u00e4\u00e4ntynyt. Ennakkoluulottimasti laitoin tilaukseen Olympuksen E-PL2:n, vuosi oli 2011. Silloinkin oli toimitusvaikeuksia, mutta sain Kuva-J\u00e4rviselt\u00e4 lainaksi E-PL1:n, normizoomilla ja Panasonicin 17 mm:ll\u00e4. L\u00e4hdin sitten Madeiralle testaamaan laitteita ja totesin, ett\u00e4 riitt\u00e4\u00e4 mulle. Rungot vaihtuivat ja 11 vuotta my\u00f6hemmin olikin koossa taas iso kasa tavaraa, mink\u00e4 kuskaaminen alkoi j\u00e4lleen kerran kyll\u00e4stytt\u00e4\u00e4. Oma kuvaaminenkin on muuttunut, enk\u00e4 en\u00e4\u00e4 usko l\u00e4htev\u00e4ni lintu- tai el\u00e4inkuvaukseen.<\/p>\n\n\n\n<p>Aloin tutkia vaihtoehtoa Fujifilm. Siell\u00e4 pienin vaihtoehto on X-E4 ja varsinkin combo, miss\u00e4 on 27 mm pannari, alkoi kiinnostaa. Combon ja 27 mm:n saatavuudessa on globaaleja toimitusvaikeuksia. Otin kuitenkin rungon ja siihen 35 mm\/2:n. Sitten aloin seurailla myyntipalstoja ja sain Fujicron-sarjan t\u00e4yteen eli 16\/2.8, 23\/2, 50\/2 ja bonuksena Samyangin 12\/2. Tuon painavampia putkia en runkoon laittaisi. Fujit ovat s\u00e4\u00e4suojattuja, joka sopii jatkosuunnitelmiin mainiosti.<\/p>\n\n\n\n<p>Kuvien laatuun olen tyytyv\u00e4inen, kuvat ovat jotenkin valmiimpia suoraan kamerasta. Tuollainen mittetsintyyppinen runko vasensilm\u00e4iselle ja isonen\u00e4iselle on siin\u00e4 ja siin\u00e4, ett\u00e4 sopiiko. Kosketusn\u00e4ytt\u00f6 kannattaa ainakin kytke\u00e4 pois. Mit\u00e4 menetin? 1. Runkovakaajan, huono juttu. 2. Kuvasuhde 3:4 on paljon parempi kuin 2:3. 3. S\u00e4\u00e4suojatun rungon, tosin E-M1 ei ole oikea vertailukohde. Jatkosuunnitelma menee niin, ett\u00e4 jos haluan isompaa runkoa rinnalle, niin markkinoille alkaa jossain vaiheessa tulla k\u00e4ytetty\u00e4 X-T4:sta ja jossain vaiheessa X-T30:lle tulee korvaaja. Vakaajallisena vaihtoehtona olisi ollut my\u00f6s X-S10.<\/p>\n\n\n\n<p>Oliko j\u00e4rkee vai ei? Ei varmaan jos muilta kysyy, mutta ei kysyt\u00e4. Nyt on kevyt setti laadukkailla linsseill\u00e4 ja hyv\u00e4ll\u00e4 kuvanlaadulla.<\/p>\n\n\n\n<p>Viimeiseksi viel\u00e4 ensimm\u00e4inen Olympus-kuvani.<\/p>\n\n\n\n<figure class=\"wp-block-image size-full\"><img loading=\"lazy\" decoding=\"async\" width=\"1080\" height=\"1080\" src=\"https:\/\/www.ulkoilutankameraa.fi\/blog\/wp-content\/uploads\/2022\/10\/IMG_20221029_134652.jpg\" alt=\"\" class=\"wp-image-6817\" srcset=\"https:\/\/www.ulkoilutankameraa.fi\/blog\/wp-content\/uploads\/2022\/10\/IMG_20221029_134652.jpg 1080w, https:\/\/www.ulkoilutankameraa.fi\/blog\/wp-content\/uploads\/2022\/10\/IMG_20221029_134652-325x325.jpg 325w, https:\/\/www.ulkoilutankameraa.fi\/blog\/wp-content\/uploads\/2022\/10\/IMG_20221029_134652-150x150.jpg 150w, https:\/\/www.ulkoilutankameraa.fi\/blog\/wp-content\/uploads\/2022\/10\/IMG_20221029_134652-904x904.jpg 904w\" sizes=\"auto, (max-width: 1080px) 100vw, 1080px\" \/><\/figure>\n\n\n\n<figure class=\"wp-block-image size-full\"><img loading=\"lazy\" decoding=\"async\" width=\"1080\" height=\"720\" src=\"https:\/\/www.ulkoilutankameraa.fi\/blog\/wp-content\/uploads\/2022\/10\/P1314201.jpg\" alt=\"\" class=\"wp-image-6818\" srcset=\"https:\/\/www.ulkoilutankameraa.fi\/blog\/wp-content\/uploads\/2022\/10\/P1314201.jpg 1080w, https:\/\/www.ulkoilutankameraa.fi\/blog\/wp-content\/uploads\/2022\/10\/P1314201-325x217.jpg 325w, https:\/\/www.ulkoilutankameraa.fi\/blog\/wp-content\/uploads\/2022\/10\/P1314201-150x100.jpg 150w, https:\/\/www.ulkoilutankameraa.fi\/blog\/wp-content\/uploads\/2022\/10\/P1314201-904x603.jpg 904w\" sizes=\"auto, (max-width: 1080px) 100vw, 1080px\" \/><\/figure>\n","protected":false},"excerpt":{"rendered":"<p>Olympus-taipaleeni on tullut p\u00e4\u00e4t\u00f6kseen. Vaihdoin aikanaan Olympukseen Canonin EOS 50D:st\u00e4, koska halusin jotain kevyemp\u00e4\u00e4 ja silloin tuntui, ett\u00e4 laatulinssit meniv\u00e4t yli budjetin ja kannettava kuorma olisi edelleen lis\u00e4\u00e4ntynyt. Ennakkoluulottimasti laitoin tilaukseen Olympuksen E-PL2:n, vuosi oli 2011. Silloinkin oli toimitusvaikeuksia, mutta sain Kuva-J\u00e4rviselt\u00e4 lainaksi E-PL1:n, normizoomilla ja Panasonicin 17 mm:ll\u00e4. L\u00e4hdin sitten Madeiralle testaamaan laitteita ja [&hellip;]<\/p>\n","protected":false},"author":1,"featured_media":0,"comment_status":"open","ping_status":"open","sticky":false,"template":"","format":"standard","meta":{"footnotes":""},"categories":[1],"tags":[117,116],"class_list":["post-6820","post","type-post","status-publish","format-standard","hentry","category-uncategorized","tag-gear","tag-varusteet","content-columns-1"],"_links":{"self":[{"href":"https:\/\/www.ulkoilutankameraa.fi\/blog\/index.php?rest_route=\/wp\/v2\/posts\/6820","targetHints":{"allow":["GET"]}}],"collection":[{"href":"https:\/\/www.ulkoilutankameraa.fi\/blog\/index.php?rest_route=\/wp\/v2\/posts"}],"about":[{"href":"https:\/\/www.ulkoilutankameraa.fi\/blog\/index.php?rest_route=\/wp\/v2\/types\/post"}],"author":[{"embeddable":true,"href":"https:\/\/www.ulkoilutankameraa.fi\/blog\/index.php?rest_route=\/wp\/v2\/users\/1"}],"replies":[{"embeddable":true,"href":"https:\/\/www.ulkoilutankameraa.fi\/blog\/index.php?rest_route=%2Fwp%2Fv2%2Fcomments&post=6820"}],"version-history":[{"count":1,"href":"https:\/\/www.ulkoilutankameraa.fi\/blog\/index.php?rest_route=\/wp\/v2\/posts\/6820\/revisions"}],"predecessor-version":[{"id":6821,"href":"https:\/\/www.ulkoilutankameraa.fi\/blog\/index.php?rest_route=\/wp\/v2\/posts\/6820\/revisions\/6821"}],"wp:attachment":[{"href":"https:\/\/www.ulkoilutankameraa.fi\/blog\/index.php?rest_route=%2Fwp%2Fv2%2Fmedia&parent=6820"}],"wp:term":[{"taxonomy":"category","embeddable":true,"href":"https:\/\/www.ulkoilutankameraa.fi\/blog\/index.php?rest_route=%2Fwp%2Fv2%2Fcategories&post=6820"},{"taxonomy":"post_tag","embeddable":true,"href":"https:\/\/www.ulkoilutankameraa.fi\/blog\/index.php?rest_route=%2Fwp%2Fv2%2Ftags&post=6820"}],"curies":[{"name":"wp","href":"https:\/\/api.w.org\/{rel}","templated":true}]}}