{"id":6822,"date":"2022-10-30T14:00:00","date_gmt":"2022-10-30T12:00:00","guid":{"rendered":"https:\/\/www.ulkoilutankameraa.fi\/blog\/?p=6822"},"modified":"2022-10-29T15:44:27","modified_gmt":"2022-10-29T12:44:27","slug":"varustepaivitys-savotta-jaakari","status":"publish","type":"post","link":"https:\/\/www.ulkoilutankameraa.fi\/blog\/?p=6822","title":{"rendered":"Varustep\u00e4ivitys Savotta J\u00e4\u00e4k\u00e4ri"},"content":{"rendered":"\n<p>Pieni kamera, niin voi ostaa isomman ja painavamman repun. <\/p>\n\n\n\n<p>Ongelma on ollut se, ett\u00e4 vanhoihin reppuihin F-Stop Guru, DB Ramverk, Tamrac mahtui kyll\u00e4 kamerat, mutta ei sitten muuta. Lis\u00e4tilaa sain sill\u00e4, ett\u00e4 laitoin kopteripussukan tarranauhalla repun ulkopuolelle.<\/p>\n\n\n\n<p>Kokeillaan nyt miten Savotta J\u00e4\u00e4k\u00e4ri M (keskell\u00e4) toimii.<\/p>\n\n\n\n<p>Vasemmalla on F-Stop Micro Tiny, sinne mahtuu ohjain, drone, varatikut, propellit ja lentolupakirja. JahtiJakt-pussukkaan menee akut, 3 kpl. <\/p>\n\n\n\n<p>Ylh\u00e4\u00e4ll\u00e4 Savotan vaakatasku M, siell\u00e4 on kyn\u00e4, taskulamppu, paristot, tulitikkuja, konjakkia, ensiapu, jne&#8230; muuta tarviketta. Jos haluaa sis\u00e4lle lis\u00e4tilaa, niin t\u00e4m\u00e4n voi laittaa PALS Mollella kiinni selk\u00e4\u00e4n.<\/p>\n\n\n\n<p>Oikealla F-Stopin Micro Tiny, mihin mahtuu nelj\u00e4 Fujicronia. JahtiJakt-pussukassa on puhdistusv\u00e4lineet, suodatin, stepup-rinkula, kuusiokoloavain, pikakiinnityslevy ym kameratarviketta.<\/p>\n\n\n\n<p>Lantiovy\u00f6ss\u00e4 on Savotan vaakatasku S. T\u00e4nne mahtuu kuvausk\u00e4velyll\u00e4 1 &#8211; 2 objektiivia, niin niit\u00e4 ei tarvitse kaivaa aina repusta. <\/p>\n\n\n\n<p>Vasemmalle tulee jalusta, keskell\u00e4 on puukko. Palohaka kest\u00e4\u00e4 ihmisen painon, eik\u00e4 ole turhanp\u00e4iv\u00e4inen koriste. J\u00e4\u00e4k\u00e4ri M:ss\u00e4 on oikealla vetoketju, josta tavarat saa ulos, kaikkea ei tarvitse ottaa yl\u00e4kautta.<\/p>\n\n\n\n<p>Tuo kaikki menee repun sis\u00e4lle ja tilaa j\u00e4\u00e4 my\u00f6s ev\u00e4ille, varavaatteille, marjapurkeille, sienipussukalle ja muulle tarpeelliselle. Repussa ei ole mit\u00e4\u00e4n irtotavaraa istuma-alustaa lukuun ottamatta. Tilan loppuessa sit\u00e4 saa lis\u00e4\u00e4 nostamalla repun kannen yl\u00f6sp\u00e4in, sitomalla irtohihnoilla tai hankkimalla lis\u00e4\u00e4 taskuja ulkopuolelle. Molle PALS kujastoon l\u00f6ytyy kaikenlaista kiinnitett\u00e4v\u00e4\u00e4 monelta valmistajalta, niin varmasti l\u00f6ytyy sopiva. <\/p>\n\n\n\n<p>Kysymykseen: &#8221;Millainen olis hyv\u00e4 reppu valokuvaajalle&#8221; kuuluu vastata, ett\u00e4 kysymys on v\u00e4\u00e4rin muotoiltu. Oikea kysymys on: &#8221;Mitk\u00e4t olis hyv\u00e4t reput valokuvaajalle&#8221;. Reppuja myyd\u00e4\u00e4n sill\u00e4, ett\u00e4 niiss\u00e4 on paljon taskuja. T\u00e4ss\u00e4 ei ole. Ajatukseni on, ett\u00e4 kun haluankin ottaa pienemm\u00e4n repun ja dronen, niin tied\u00e4n, ett\u00e4 kaikki drone-roinat ovat noissa kahdessa laukussa. Jos haluan ottaa vain kameran, niin tarvittava on tuossa toisessa laukussa. Puukkoa ei tarvitse siirt\u00e4\u00e4, niit\u00e4 on joka laukussa ja yksi takataskussa varalla. T\u00e4ss\u00e4 vaiheessa t\u00e4m\u00e4 ajatus tuntuu hyv\u00e4lt\u00e4.<\/p>\n\n\n\n<figure class=\"wp-block-image size-full\"><img loading=\"lazy\" decoding=\"async\" width=\"1039\" height=\"1080\" src=\"https:\/\/www.ulkoilutankameraa.fi\/blog\/wp-content\/uploads\/2022\/10\/IMG_20221029_130551.jpg\" alt=\"\" class=\"wp-image-6819\" srcset=\"https:\/\/www.ulkoilutankameraa.fi\/blog\/wp-content\/uploads\/2022\/10\/IMG_20221029_130551.jpg 1039w, https:\/\/www.ulkoilutankameraa.fi\/blog\/wp-content\/uploads\/2022\/10\/IMG_20221029_130551-325x338.jpg 325w, https:\/\/www.ulkoilutankameraa.fi\/blog\/wp-content\/uploads\/2022\/10\/IMG_20221029_130551-144x150.jpg 144w, https:\/\/www.ulkoilutankameraa.fi\/blog\/wp-content\/uploads\/2022\/10\/IMG_20221029_130551-870x904.jpg 870w\" sizes=\"auto, (max-width: 1039px) 100vw, 1039px\" \/><\/figure>\n","protected":false},"excerpt":{"rendered":"<p>Pieni kamera, niin voi ostaa isomman ja painavamman repun. Ongelma on ollut se, ett\u00e4 vanhoihin reppuihin F-Stop Guru, DB Ramverk, Tamrac mahtui kyll\u00e4 kamerat, mutta ei sitten muuta. Lis\u00e4tilaa sain sill\u00e4, ett\u00e4 laitoin kopteripussukan tarranauhalla repun ulkopuolelle. Kokeillaan nyt miten Savotta J\u00e4\u00e4k\u00e4ri M (keskell\u00e4) toimii. Vasemmalla on F-Stop Micro Tiny, sinne mahtuu ohjain, drone, varatikut, [&hellip;]<\/p>\n","protected":false},"author":1,"featured_media":0,"comment_status":"open","ping_status":"open","sticky":false,"template":"","format":"standard","meta":{"footnotes":""},"categories":[1],"tags":[117,116],"class_list":["post-6822","post","type-post","status-publish","format-standard","hentry","category-uncategorized","tag-gear","tag-varusteet","content-columns-1"],"_links":{"self":[{"href":"https:\/\/www.ulkoilutankameraa.fi\/blog\/index.php?rest_route=\/wp\/v2\/posts\/6822","targetHints":{"allow":["GET"]}}],"collection":[{"href":"https:\/\/www.ulkoilutankameraa.fi\/blog\/index.php?rest_route=\/wp\/v2\/posts"}],"about":[{"href":"https:\/\/www.ulkoilutankameraa.fi\/blog\/index.php?rest_route=\/wp\/v2\/types\/post"}],"author":[{"embeddable":true,"href":"https:\/\/www.ulkoilutankameraa.fi\/blog\/index.php?rest_route=\/wp\/v2\/users\/1"}],"replies":[{"embeddable":true,"href":"https:\/\/www.ulkoilutankameraa.fi\/blog\/index.php?rest_route=%2Fwp%2Fv2%2Fcomments&post=6822"}],"version-history":[{"count":1,"href":"https:\/\/www.ulkoilutankameraa.fi\/blog\/index.php?rest_route=\/wp\/v2\/posts\/6822\/revisions"}],"predecessor-version":[{"id":6823,"href":"https:\/\/www.ulkoilutankameraa.fi\/blog\/index.php?rest_route=\/wp\/v2\/posts\/6822\/revisions\/6823"}],"wp:attachment":[{"href":"https:\/\/www.ulkoilutankameraa.fi\/blog\/index.php?rest_route=%2Fwp%2Fv2%2Fmedia&parent=6822"}],"wp:term":[{"taxonomy":"category","embeddable":true,"href":"https:\/\/www.ulkoilutankameraa.fi\/blog\/index.php?rest_route=%2Fwp%2Fv2%2Fcategories&post=6822"},{"taxonomy":"post_tag","embeddable":true,"href":"https:\/\/www.ulkoilutankameraa.fi\/blog\/index.php?rest_route=%2Fwp%2Fv2%2Ftags&post=6822"}],"curies":[{"name":"wp","href":"https:\/\/api.w.org\/{rel}","templated":true}]}}