{"id":6828,"date":"2022-11-02T20:04:20","date_gmt":"2022-11-02T18:04:20","guid":{"rendered":"https:\/\/www.ulkoilutankameraa.fi\/blog\/?p=6828"},"modified":"2022-11-02T20:04:21","modified_gmt":"2022-11-02T18:04:21","slug":"iltakavelylla","status":"publish","type":"post","link":"https:\/\/www.ulkoilutankameraa.fi\/blog\/?p=6828","title":{"rendered":"Iltak\u00e4velyll\u00e4"},"content":{"rendered":"\n<p>Pit\u00e4\u00e4h\u00e4n sit\u00e4 testata Fujin pime\u00e4ominaisuuksia. Kyll kelpaa, tarkennus joskus hakee kun on oikein pimeet\u00e4.  Eik\u00f6 ollutkin hyv\u00e4 testi.<\/p>\n\n\n\n<p>Pimeit\u00e4 kujia kuljeskelin. Sen taas huomasin, ett\u00e4 kyll\u00e4 on valosaastaa taivaalla t\u00e4llaisena pilvisen\u00e4 aikana. Taivaan kun ottaa taustaksi, niin v\u00e4lill\u00e4 on ledin sinist\u00e4 tai \u00e4ll\u00f6tt\u00e4v\u00e4n ruskeaa. Y\u00e4k.<\/p>\n\n\n\n<p>En kyll\u00e4 ala kymment\u00e4 kilometri\u00e4 iltaisin k\u00e4vell\u00e4 jos kuvat eiv\u00e4t tuosta parane. Otetaan vaikka drone ilmaan ja tutkaillaan tuota valosaasteen m\u00e4\u00e4r\u00e4\u00e4.<\/p>\n\n\n\n<figure class=\"wp-block-image size-full\"><img loading=\"lazy\" decoding=\"async\" width=\"1080\" height=\"720\" src=\"https:\/\/www.ulkoilutankameraa.fi\/blog\/wp-content\/uploads\/2022\/11\/DSCF1458.jpg\" alt=\"\" class=\"wp-image-6825\" srcset=\"https:\/\/www.ulkoilutankameraa.fi\/blog\/wp-content\/uploads\/2022\/11\/DSCF1458.jpg 1080w, https:\/\/www.ulkoilutankameraa.fi\/blog\/wp-content\/uploads\/2022\/11\/DSCF1458-325x217.jpg 325w, https:\/\/www.ulkoilutankameraa.fi\/blog\/wp-content\/uploads\/2022\/11\/DSCF1458-150x100.jpg 150w, https:\/\/www.ulkoilutankameraa.fi\/blog\/wp-content\/uploads\/2022\/11\/DSCF1458-904x603.jpg 904w\" sizes=\"auto, (max-width: 1080px) 100vw, 1080px\" \/><\/figure>\n\n\n\n<figure class=\"wp-block-image size-full\"><img loading=\"lazy\" decoding=\"async\" width=\"864\" height=\"1080\" src=\"https:\/\/www.ulkoilutankameraa.fi\/blog\/wp-content\/uploads\/2022\/11\/DSCF1464.jpg\" alt=\"\" class=\"wp-image-6826\" srcset=\"https:\/\/www.ulkoilutankameraa.fi\/blog\/wp-content\/uploads\/2022\/11\/DSCF1464.jpg 864w, https:\/\/www.ulkoilutankameraa.fi\/blog\/wp-content\/uploads\/2022\/11\/DSCF1464-325x406.jpg 325w, https:\/\/www.ulkoilutankameraa.fi\/blog\/wp-content\/uploads\/2022\/11\/DSCF1464-120x150.jpg 120w, https:\/\/www.ulkoilutankameraa.fi\/blog\/wp-content\/uploads\/2022\/11\/DSCF1464-723x904.jpg 723w\" sizes=\"auto, (max-width: 864px) 100vw, 864px\" \/><\/figure>\n\n\n\n<figure class=\"wp-block-image size-full\"><img loading=\"lazy\" decoding=\"async\" width=\"1080\" height=\"720\" src=\"https:\/\/www.ulkoilutankameraa.fi\/blog\/wp-content\/uploads\/2022\/11\/DSCF1478.jpg\" alt=\"\" class=\"wp-image-6827\" srcset=\"https:\/\/www.ulkoilutankameraa.fi\/blog\/wp-content\/uploads\/2022\/11\/DSCF1478.jpg 1080w, https:\/\/www.ulkoilutankameraa.fi\/blog\/wp-content\/uploads\/2022\/11\/DSCF1478-325x217.jpg 325w, https:\/\/www.ulkoilutankameraa.fi\/blog\/wp-content\/uploads\/2022\/11\/DSCF1478-150x100.jpg 150w, https:\/\/www.ulkoilutankameraa.fi\/blog\/wp-content\/uploads\/2022\/11\/DSCF1478-904x603.jpg 904w\" sizes=\"auto, (max-width: 1080px) 100vw, 1080px\" \/><\/figure>\n","protected":false},"excerpt":{"rendered":"<p>Pit\u00e4\u00e4h\u00e4n sit\u00e4 testata Fujin pime\u00e4ominaisuuksia. Kyll kelpaa, tarkennus joskus hakee kun on oikein pimeet\u00e4. Eik\u00f6 ollutkin hyv\u00e4 testi. Pimeit\u00e4 kujia kuljeskelin. Sen taas huomasin, ett\u00e4 kyll\u00e4 on valosaastaa taivaalla t\u00e4llaisena pilvisen\u00e4 aikana. Taivaan kun ottaa taustaksi, niin v\u00e4lill\u00e4 on ledin sinist\u00e4 tai \u00e4ll\u00f6tt\u00e4v\u00e4n ruskeaa. Y\u00e4k. En kyll\u00e4 ala kymment\u00e4 kilometri\u00e4 iltaisin k\u00e4vell\u00e4 jos kuvat eiv\u00e4t [&hellip;]<\/p>\n","protected":false},"author":1,"featured_media":0,"comment_status":"open","ping_status":"open","sticky":false,"template":"","format":"standard","meta":{"footnotes":""},"categories":[1],"tags":[247,17],"class_list":["post-6828","post","type-post","status-publish","format-standard","hentry","category-uncategorized","tag-kaupunkikuvat","tag-salo","content-columns-1"],"_links":{"self":[{"href":"https:\/\/www.ulkoilutankameraa.fi\/blog\/index.php?rest_route=\/wp\/v2\/posts\/6828","targetHints":{"allow":["GET"]}}],"collection":[{"href":"https:\/\/www.ulkoilutankameraa.fi\/blog\/index.php?rest_route=\/wp\/v2\/posts"}],"about":[{"href":"https:\/\/www.ulkoilutankameraa.fi\/blog\/index.php?rest_route=\/wp\/v2\/types\/post"}],"author":[{"embeddable":true,"href":"https:\/\/www.ulkoilutankameraa.fi\/blog\/index.php?rest_route=\/wp\/v2\/users\/1"}],"replies":[{"embeddable":true,"href":"https:\/\/www.ulkoilutankameraa.fi\/blog\/index.php?rest_route=%2Fwp%2Fv2%2Fcomments&post=6828"}],"version-history":[{"count":1,"href":"https:\/\/www.ulkoilutankameraa.fi\/blog\/index.php?rest_route=\/wp\/v2\/posts\/6828\/revisions"}],"predecessor-version":[{"id":6829,"href":"https:\/\/www.ulkoilutankameraa.fi\/blog\/index.php?rest_route=\/wp\/v2\/posts\/6828\/revisions\/6829"}],"wp:attachment":[{"href":"https:\/\/www.ulkoilutankameraa.fi\/blog\/index.php?rest_route=%2Fwp%2Fv2%2Fmedia&parent=6828"}],"wp:term":[{"taxonomy":"category","embeddable":true,"href":"https:\/\/www.ulkoilutankameraa.fi\/blog\/index.php?rest_route=%2Fwp%2Fv2%2Fcategories&post=6828"},{"taxonomy":"post_tag","embeddable":true,"href":"https:\/\/www.ulkoilutankameraa.fi\/blog\/index.php?rest_route=%2Fwp%2Fv2%2Ftags&post=6828"}],"curies":[{"name":"wp","href":"https:\/\/api.w.org\/{rel}","templated":true}]}}