{"id":6889,"date":"2023-01-14T18:53:42","date_gmt":"2023-01-14T16:53:42","guid":{"rendered":"https:\/\/www.ulkoilutankameraa.fi\/blog\/?p=6889"},"modified":"2023-01-14T18:53:43","modified_gmt":"2023-01-14T16:53:43","slug":"kompassissa-ita","status":"publish","type":"post","link":"https:\/\/www.ulkoilutankameraa.fi\/blog\/?p=6889","title":{"rendered":"Kompassissa it\u00e4"},"content":{"rendered":"\n<p>Kulttuurivuosi 2023 on avattu &#8211; viuh ja pum. Koska Amokseen ei maalaiset kerki\u00e4 viikonloppuna, niin menn\u00e4\u00e4n sitten muualle. <\/p>\n\n\n\n<p>Sinebrychoffin taidemuseossa oli japanilaisia puupiirroksia. T\u00e4m\u00e4 oli pakko n\u00e4hd\u00e4, koska n\u00e4it\u00e4 ulkoilutetaan vain 30 vuoden v\u00e4lein, enk\u00e4 usko ett\u00e4 toista kertaa p\u00e4\u00e4sen n\u00e4it\u00e4 katsomaan. Aika moni muu on ajatellut samoin. Porukkaa oli minun n\u00e4k\u00f6kulmasta ep\u00e4miellytt\u00e4v\u00e4n paljon.<\/p>\n\n\n\n<p>Hienoja t\u00f6it\u00e4, j\u00e4rjett\u00f6m\u00e4n hienoa viivaa ja v\u00e4rej\u00e4 ja tekniikkaa. Vaikka nuo kankaiden laskokset. (Chobunsai Eishi: Geisha)<\/p>\n\n\n\n<figure class=\"wp-block-image size-full\"><img loading=\"lazy\" decoding=\"async\" width=\"810\" height=\"1080\" src=\"https:\/\/www.ulkoilutankameraa.fi\/blog\/wp-content\/uploads\/2023\/01\/IMG_20230114_112545.jpg\" alt=\"\" class=\"wp-image-6887\" srcset=\"https:\/\/www.ulkoilutankameraa.fi\/blog\/wp-content\/uploads\/2023\/01\/IMG_20230114_112545.jpg 810w, https:\/\/www.ulkoilutankameraa.fi\/blog\/wp-content\/uploads\/2023\/01\/IMG_20230114_112545-325x433.jpg 325w, https:\/\/www.ulkoilutankameraa.fi\/blog\/wp-content\/uploads\/2023\/01\/IMG_20230114_112545-113x150.jpg 113w, https:\/\/www.ulkoilutankameraa.fi\/blog\/wp-content\/uploads\/2023\/01\/IMG_20230114_112545-678x904.jpg 678w\" sizes=\"auto, (max-width: 810px) 100vw, 810px\" \/><\/figure>\n\n\n\n<p>Toisena kohteena Kiasma ja siell\u00e4 Kompassissa pohjoinen. Wihurin kokoelmasta pohjoisen t\u00f6it\u00e4. No, menih\u00e4n tuo, mutta olis siell\u00e4 varmaan ollut jotain viel\u00e4 pohjoisempaakin. <\/p>\n\n\n\n<p>Marja Helanderin videoista tykk\u00e4\u00e4n. Ne ovat viihdytt\u00e4v\u00e4n hauskoja ja ymm\u00e4rrett\u00e4vi\u00e4.<\/p>\n\n\n\n<figure class=\"wp-block-image size-full\"><img loading=\"lazy\" decoding=\"async\" width=\"810\" height=\"1080\" src=\"https:\/\/www.ulkoilutankameraa.fi\/blog\/wp-content\/uploads\/2023\/01\/IMG_20230114_130411.jpg\" alt=\"\" class=\"wp-image-6888\" srcset=\"https:\/\/www.ulkoilutankameraa.fi\/blog\/wp-content\/uploads\/2023\/01\/IMG_20230114_130411.jpg 810w, https:\/\/www.ulkoilutankameraa.fi\/blog\/wp-content\/uploads\/2023\/01\/IMG_20230114_130411-325x433.jpg 325w, https:\/\/www.ulkoilutankameraa.fi\/blog\/wp-content\/uploads\/2023\/01\/IMG_20230114_130411-113x150.jpg 113w, https:\/\/www.ulkoilutankameraa.fi\/blog\/wp-content\/uploads\/2023\/01\/IMG_20230114_130411-678x904.jpg 678w\" sizes=\"auto, (max-width: 810px) 100vw, 810px\" \/><\/figure>\n\n\n\n<p>Ensimm\u00e4isen kerran sain kuviin noin rankat viirut. Ne eiv\u00e4t siis kuulu teoksiin. Mik\u00e4h\u00e4n on mahtanut muuttua?<\/p>\n","protected":false},"excerpt":{"rendered":"<p>Kulttuurivuosi 2023 on avattu &#8211; viuh ja pum. Koska Amokseen ei maalaiset kerki\u00e4 viikonloppuna, niin menn\u00e4\u00e4n sitten muualle. Sinebrychoffin taidemuseossa oli japanilaisia puupiirroksia. T\u00e4m\u00e4 oli pakko n\u00e4hd\u00e4, koska n\u00e4it\u00e4 ulkoilutetaan vain 30 vuoden v\u00e4lein, enk\u00e4 usko ett\u00e4 toista kertaa p\u00e4\u00e4sen n\u00e4it\u00e4 katsomaan. Aika moni muu on ajatellut samoin. Porukkaa oli minun n\u00e4k\u00f6kulmasta ep\u00e4miellytt\u00e4v\u00e4n paljon. Hienoja [&hellip;]<\/p>\n","protected":false},"author":1,"featured_media":0,"comment_status":"open","ping_status":"open","sticky":false,"template":"","format":"standard","meta":{"footnotes":""},"categories":[1],"tags":[25],"class_list":["post-6889","post","type-post","status-publish","format-standard","hentry","category-uncategorized","tag-nayttelyt","content-columns-1"],"_links":{"self":[{"href":"https:\/\/www.ulkoilutankameraa.fi\/blog\/index.php?rest_route=\/wp\/v2\/posts\/6889","targetHints":{"allow":["GET"]}}],"collection":[{"href":"https:\/\/www.ulkoilutankameraa.fi\/blog\/index.php?rest_route=\/wp\/v2\/posts"}],"about":[{"href":"https:\/\/www.ulkoilutankameraa.fi\/blog\/index.php?rest_route=\/wp\/v2\/types\/post"}],"author":[{"embeddable":true,"href":"https:\/\/www.ulkoilutankameraa.fi\/blog\/index.php?rest_route=\/wp\/v2\/users\/1"}],"replies":[{"embeddable":true,"href":"https:\/\/www.ulkoilutankameraa.fi\/blog\/index.php?rest_route=%2Fwp%2Fv2%2Fcomments&post=6889"}],"version-history":[{"count":1,"href":"https:\/\/www.ulkoilutankameraa.fi\/blog\/index.php?rest_route=\/wp\/v2\/posts\/6889\/revisions"}],"predecessor-version":[{"id":6890,"href":"https:\/\/www.ulkoilutankameraa.fi\/blog\/index.php?rest_route=\/wp\/v2\/posts\/6889\/revisions\/6890"}],"wp:attachment":[{"href":"https:\/\/www.ulkoilutankameraa.fi\/blog\/index.php?rest_route=%2Fwp%2Fv2%2Fmedia&parent=6889"}],"wp:term":[{"taxonomy":"category","embeddable":true,"href":"https:\/\/www.ulkoilutankameraa.fi\/blog\/index.php?rest_route=%2Fwp%2Fv2%2Fcategories&post=6889"},{"taxonomy":"post_tag","embeddable":true,"href":"https:\/\/www.ulkoilutankameraa.fi\/blog\/index.php?rest_route=%2Fwp%2Fv2%2Ftags&post=6889"}],"curies":[{"name":"wp","href":"https:\/\/api.w.org\/{rel}","templated":true}]}}