{"id":6923,"date":"2023-02-12T19:21:02","date_gmt":"2023-02-12T17:21:02","guid":{"rendered":"https:\/\/www.ulkoilutankameraa.fi\/blog\/?p=6923"},"modified":"2023-03-03T11:40:47","modified_gmt":"2023-03-03T09:40:47","slug":"turun-taidemuseo-shoji-udeo","status":"publish","type":"post","link":"https:\/\/www.ulkoilutankameraa.fi\/blog\/?p=6923","title":{"rendered":"Turun taidemuseo Shoji Ueda"},"content":{"rendered":"\n<p>Pitk\u00e4st\u00e4 aikaa valokuvaa. T\u00e4llaiseen taiteilijaa esittelev\u00e4\u00e4n n\u00e4yttelyyn pit\u00e4\u00e4 tietenkin yritt\u00e4\u00e4 ottaa mukaan jotain koko tuotannosta. Hyv\u00e4 vai paha &#8211; molempia. Mielest\u00e4ni kaikki taideprojektit ja muut h\u00f6mp\u00f6tykset voisi j\u00e4tt\u00e4\u00e4 pois ja olla vain kuvia, joita t\u00e4llaiset maalaisetkin ymm\u00e4rt\u00e4v\u00e4t. Ei siin\u00e4 mit\u00e4\u00e4n, pidin kyll\u00e4 n\u00e4yttelyst\u00e4. Jossain kuvissa oli jotain outoa, mutta en keksinyt mit\u00e4, esimerkiksi nelj\u00e4n tyt\u00f6n kuvassa yhden tyt\u00f6n varjo. Surrealistiset kuvat olivat hauskoja. Parasta oli kuitenkin sarja Lasten kalenteri (Children the year around). Tavallisia ihmisi\u00e4 omassa ymp\u00e4rist\u00f6ss\u00e4\u00e4n. Tuo toinen kuva on siit\u00e4 sarjasta. Sommittelu, miten lapset ovat sijoittuneet, tuo ly\u00f6j\u00e4 ja tausta &#8211; huippu. Muutenkin perspektiivi\u00e4 osattiin k\u00e4ytt\u00e4\u00e4. Taitava kuvaaja, kyll\u00e4. Annan suosituksen, ett\u00e4 kannattaa k\u00e4yd\u00e4. Ei t\u00e4t\u00e4 Suomeen toista kertaa tule ja eik\u00e4 ole tullut vastaan muuallakaan.<\/p>\n\n\n\n<p>Harmittavaa, ett\u00e4 ei ollut mit\u00e4\u00e4n n\u00e4yttelyjulkaisua ja kirjoja tuntuu olevan vaikea l\u00f6yt\u00e4\u00e4. Shoji Udeo museon sivuiltakaan en l\u00f6yt\u00e4nyt mit\u00e4\u00e4n minun ymm\u00e4rt\u00e4m\u00e4ll\u00e4ni kielell\u00e4.<\/p>\n\n\n\n<figure class=\"wp-block-image size-full\"><img loading=\"lazy\" decoding=\"async\" width=\"1080\" height=\"1080\" src=\"https:\/\/www.ulkoilutankameraa.fi\/blog\/wp-content\/uploads\/2023\/02\/IMG_20230211_121039.jpg\" alt=\"\" class=\"wp-image-6921\" srcset=\"https:\/\/www.ulkoilutankameraa.fi\/blog\/wp-content\/uploads\/2023\/02\/IMG_20230211_121039.jpg 1080w, https:\/\/www.ulkoilutankameraa.fi\/blog\/wp-content\/uploads\/2023\/02\/IMG_20230211_121039-325x325.jpg 325w, https:\/\/www.ulkoilutankameraa.fi\/blog\/wp-content\/uploads\/2023\/02\/IMG_20230211_121039-150x150.jpg 150w, https:\/\/www.ulkoilutankameraa.fi\/blog\/wp-content\/uploads\/2023\/02\/IMG_20230211_121039-904x904.jpg 904w\" sizes=\"auto, (max-width: 1080px) 100vw, 1080px\" \/><\/figure>\n\n\n\n<figure class=\"wp-block-image size-full\"><img loading=\"lazy\" decoding=\"async\" width=\"810\" height=\"1080\" src=\"https:\/\/www.ulkoilutankameraa.fi\/blog\/wp-content\/uploads\/2023\/02\/IMG_20230211_115617.jpg\" alt=\"\" class=\"wp-image-6922\" srcset=\"https:\/\/www.ulkoilutankameraa.fi\/blog\/wp-content\/uploads\/2023\/02\/IMG_20230211_115617.jpg 810w, https:\/\/www.ulkoilutankameraa.fi\/blog\/wp-content\/uploads\/2023\/02\/IMG_20230211_115617-325x433.jpg 325w, https:\/\/www.ulkoilutankameraa.fi\/blog\/wp-content\/uploads\/2023\/02\/IMG_20230211_115617-113x150.jpg 113w, https:\/\/www.ulkoilutankameraa.fi\/blog\/wp-content\/uploads\/2023\/02\/IMG_20230211_115617-678x904.jpg 678w\" sizes=\"auto, (max-width: 810px) 100vw, 810px\" \/><\/figure>\n","protected":false},"excerpt":{"rendered":"<p>Pitk\u00e4st\u00e4 aikaa valokuvaa. T\u00e4llaiseen taiteilijaa esittelev\u00e4\u00e4n n\u00e4yttelyyn pit\u00e4\u00e4 tietenkin yritt\u00e4\u00e4 ottaa mukaan jotain koko tuotannosta. Hyv\u00e4 vai paha &#8211; molempia. Mielest\u00e4ni kaikki taideprojektit ja muut h\u00f6mp\u00f6tykset voisi j\u00e4tt\u00e4\u00e4 pois ja olla vain kuvia, joita t\u00e4llaiset maalaisetkin ymm\u00e4rt\u00e4v\u00e4t. Ei siin\u00e4 mit\u00e4\u00e4n, pidin kyll\u00e4 n\u00e4yttelyst\u00e4. Jossain kuvissa oli jotain outoa, mutta en keksinyt mit\u00e4, esimerkiksi nelj\u00e4n tyt\u00f6n [&hellip;]<\/p>\n","protected":false},"author":1,"featured_media":0,"comment_status":"open","ping_status":"open","sticky":false,"template":"","format":"standard","meta":{"footnotes":""},"categories":[1],"tags":[25,163],"class_list":["post-6923","post","type-post","status-publish","format-standard","hentry","category-uncategorized","tag-nayttelyt","tag-turku","content-columns-1"],"_links":{"self":[{"href":"https:\/\/www.ulkoilutankameraa.fi\/blog\/index.php?rest_route=\/wp\/v2\/posts\/6923","targetHints":{"allow":["GET"]}}],"collection":[{"href":"https:\/\/www.ulkoilutankameraa.fi\/blog\/index.php?rest_route=\/wp\/v2\/posts"}],"about":[{"href":"https:\/\/www.ulkoilutankameraa.fi\/blog\/index.php?rest_route=\/wp\/v2\/types\/post"}],"author":[{"embeddable":true,"href":"https:\/\/www.ulkoilutankameraa.fi\/blog\/index.php?rest_route=\/wp\/v2\/users\/1"}],"replies":[{"embeddable":true,"href":"https:\/\/www.ulkoilutankameraa.fi\/blog\/index.php?rest_route=%2Fwp%2Fv2%2Fcomments&post=6923"}],"version-history":[{"count":2,"href":"https:\/\/www.ulkoilutankameraa.fi\/blog\/index.php?rest_route=\/wp\/v2\/posts\/6923\/revisions"}],"predecessor-version":[{"id":6943,"href":"https:\/\/www.ulkoilutankameraa.fi\/blog\/index.php?rest_route=\/wp\/v2\/posts\/6923\/revisions\/6943"}],"wp:attachment":[{"href":"https:\/\/www.ulkoilutankameraa.fi\/blog\/index.php?rest_route=%2Fwp%2Fv2%2Fmedia&parent=6923"}],"wp:term":[{"taxonomy":"category","embeddable":true,"href":"https:\/\/www.ulkoilutankameraa.fi\/blog\/index.php?rest_route=%2Fwp%2Fv2%2Fcategories&post=6923"},{"taxonomy":"post_tag","embeddable":true,"href":"https:\/\/www.ulkoilutankameraa.fi\/blog\/index.php?rest_route=%2Fwp%2Fv2%2Ftags&post=6923"}],"curies":[{"name":"wp","href":"https:\/\/api.w.org\/{rel}","templated":true}]}}