{"id":6927,"date":"2023-02-13T19:41:29","date_gmt":"2023-02-13T17:41:29","guid":{"rendered":"https:\/\/www.ulkoilutankameraa.fi\/blog\/?p=6927"},"modified":"2023-02-13T19:41:30","modified_gmt":"2023-02-13T17:41:30","slug":"koivikko-2","status":"publish","type":"post","link":"https:\/\/www.ulkoilutankameraa.fi\/blog\/?p=6927","title":{"rendered":"Koivikko"},"content":{"rendered":"\n<p>Jostain tuonne suon ja mets\u00e4n rajalle on tullut koivikko. En tied\u00e4 onko levinnyt luontaisesti vai onko joku uskonut koivun tuossa viihtyv\u00e4t. Ei yht\u00e4\u00e4n suoraa puuta, jokainen, mik\u00e4 mihinkin suuntaan v\u00e4\u00e4r\u00e4ll\u00e4\u00e4n. Kituliaita suokoivuja. Ei se mit\u00e4\u00e4n, minulle kelpaavat. Jokaisella pit\u00e4isi olla oma kotikoivikko, mist\u00e4 otetaan merkit vuodenkiertoon. Ensimm\u00e4iset silmut, niiden puhkeaminen vaaleanvihreiksi lehdiksi, vihre\u00e4n syventyminen kes\u00e4n mittaan, syksyn keltainen ja lehtien putoaminen. T\u00e4st\u00e4 tulee minulle sellainen kalenteri. En varsinaisesti odota mit\u00e4\u00e4n klorofyllipurkausta, mutta toivottavasti niist\u00e4 joku on viel\u00e4 elossa.<\/p>\n\n\n\n<figure class=\"wp-block-image size-full\"><img loading=\"lazy\" decoding=\"async\" width=\"1080\" height=\"720\" src=\"https:\/\/www.ulkoilutankameraa.fi\/blog\/wp-content\/uploads\/2023\/02\/DSCF4351.jpg\" alt=\"\" class=\"wp-image-6925\" srcset=\"https:\/\/www.ulkoilutankameraa.fi\/blog\/wp-content\/uploads\/2023\/02\/DSCF4351.jpg 1080w, https:\/\/www.ulkoilutankameraa.fi\/blog\/wp-content\/uploads\/2023\/02\/DSCF4351-325x217.jpg 325w, https:\/\/www.ulkoilutankameraa.fi\/blog\/wp-content\/uploads\/2023\/02\/DSCF4351-150x100.jpg 150w, https:\/\/www.ulkoilutankameraa.fi\/blog\/wp-content\/uploads\/2023\/02\/DSCF4351-904x603.jpg 904w\" sizes=\"auto, (max-width: 1080px) 100vw, 1080px\" \/><\/figure>\n\n\n\n<figure class=\"wp-block-image size-full\"><img loading=\"lazy\" decoding=\"async\" width=\"1080\" height=\"720\" src=\"https:\/\/www.ulkoilutankameraa.fi\/blog\/wp-content\/uploads\/2023\/02\/DSCF4354.jpg\" alt=\"\" class=\"wp-image-6926\" srcset=\"https:\/\/www.ulkoilutankameraa.fi\/blog\/wp-content\/uploads\/2023\/02\/DSCF4354.jpg 1080w, https:\/\/www.ulkoilutankameraa.fi\/blog\/wp-content\/uploads\/2023\/02\/DSCF4354-325x217.jpg 325w, https:\/\/www.ulkoilutankameraa.fi\/blog\/wp-content\/uploads\/2023\/02\/DSCF4354-150x100.jpg 150w, https:\/\/www.ulkoilutankameraa.fi\/blog\/wp-content\/uploads\/2023\/02\/DSCF4354-904x603.jpg 904w\" sizes=\"auto, (max-width: 1080px) 100vw, 1080px\" \/><\/figure>\n","protected":false},"excerpt":{"rendered":"<p>Jostain tuonne suon ja mets\u00e4n rajalle on tullut koivikko. En tied\u00e4 onko levinnyt luontaisesti vai onko joku uskonut koivun tuossa viihtyv\u00e4t. Ei yht\u00e4\u00e4n suoraa puuta, jokainen, mik\u00e4 mihinkin suuntaan v\u00e4\u00e4r\u00e4ll\u00e4\u00e4n. Kituliaita suokoivuja. Ei se mit\u00e4\u00e4n, minulle kelpaavat. Jokaisella pit\u00e4isi olla oma kotikoivikko, mist\u00e4 otetaan merkit vuodenkiertoon. Ensimm\u00e4iset silmut, niiden puhkeaminen vaaleanvihreiksi lehdiksi, vihre\u00e4n syventyminen kes\u00e4n [&hellip;]<\/p>\n","protected":false},"author":1,"featured_media":0,"comment_status":"open","ping_status":"open","sticky":false,"template":"","format":"standard","meta":{"footnotes":""},"categories":[1],"tags":[220,212],"class_list":["post-6927","post","type-post","status-publish","format-standard","hentry","category-uncategorized","tag-koivu","tag-suo","content-columns-1"],"_links":{"self":[{"href":"https:\/\/www.ulkoilutankameraa.fi\/blog\/index.php?rest_route=\/wp\/v2\/posts\/6927","targetHints":{"allow":["GET"]}}],"collection":[{"href":"https:\/\/www.ulkoilutankameraa.fi\/blog\/index.php?rest_route=\/wp\/v2\/posts"}],"about":[{"href":"https:\/\/www.ulkoilutankameraa.fi\/blog\/index.php?rest_route=\/wp\/v2\/types\/post"}],"author":[{"embeddable":true,"href":"https:\/\/www.ulkoilutankameraa.fi\/blog\/index.php?rest_route=\/wp\/v2\/users\/1"}],"replies":[{"embeddable":true,"href":"https:\/\/www.ulkoilutankameraa.fi\/blog\/index.php?rest_route=%2Fwp%2Fv2%2Fcomments&post=6927"}],"version-history":[{"count":1,"href":"https:\/\/www.ulkoilutankameraa.fi\/blog\/index.php?rest_route=\/wp\/v2\/posts\/6927\/revisions"}],"predecessor-version":[{"id":6928,"href":"https:\/\/www.ulkoilutankameraa.fi\/blog\/index.php?rest_route=\/wp\/v2\/posts\/6927\/revisions\/6928"}],"wp:attachment":[{"href":"https:\/\/www.ulkoilutankameraa.fi\/blog\/index.php?rest_route=%2Fwp%2Fv2%2Fmedia&parent=6927"}],"wp:term":[{"taxonomy":"category","embeddable":true,"href":"https:\/\/www.ulkoilutankameraa.fi\/blog\/index.php?rest_route=%2Fwp%2Fv2%2Fcategories&post=6927"},{"taxonomy":"post_tag","embeddable":true,"href":"https:\/\/www.ulkoilutankameraa.fi\/blog\/index.php?rest_route=%2Fwp%2Fv2%2Ftags&post=6927"}],"curies":[{"name":"wp","href":"https:\/\/api.w.org\/{rel}","templated":true}]}}