{"id":6962,"date":"2023-04-10T19:53:05","date_gmt":"2023-04-10T16:53:05","guid":{"rendered":"https:\/\/www.ulkoilutankameraa.fi\/blog\/?p=6962"},"modified":"2023-04-11T15:03:07","modified_gmt":"2023-04-11T12:03:07","slug":"suokavelylla","status":"publish","type":"post","link":"https:\/\/www.ulkoilutankameraa.fi\/blog\/?p=6962","title":{"rendered":"Suok\u00e4velyll\u00e4"},"content":{"rendered":"\n<p>Tunsin itseni niin kevyeksi kun sai kulkea aika huolettomasti viel\u00e4 j\u00e4\u00e4ss\u00e4 olevalla suolla. V\u00e4h\u00e4n piti toki sovitella askeleita.<\/p>\n\n\n\n<p>Kuinka voi ihminen tulla hyv\u00e4lle tuulelle kun k\u00e4velee suolla. T\u00e4m\u00e4 ei ollut kysymys, koska ei ollut kysymysmerkki\u00e4. En silti tied\u00e4. <\/p>\n\n\n\n<p>K\u00e4velyn lis\u00e4ksi kokeilin uutta hankintaani TTARtisan 27mm 2.8 objektiivia. Saa arvata ja l\u00e4hett\u00e4\u00e4 arvauksen vaikka postikortilla. Kumpi on TTArtisan 27 ja kumpi Fujinon 16 mm. Fuji aukolla 5.6 ja TT aukolla 6.4. Tarkkuudessa, tarkennusnopeudessa, tarkennuksessa ei suurempaa moitittavaa. Kyll\u00e4 sen kanssa p\u00e4rj\u00e4\u00e4, mutta onhan tuo vinjetointi aika hurjaa. Toistossa ei ole vikaa, kuvan profiili on Fujin Classic Neg. Ehk\u00e4p\u00e4 Bleach Bypass olisi ollut viel\u00e4 sopivampi.<\/p>\n\n\n\n<p>Kokeilen viel\u00e4 my\u00f6hemmin muita aukkoja, yrit\u00e4n mietti\u00e4, mihin t\u00e4t\u00e4 voisi k\u00e4ytt\u00e4\u00e4. <\/p>\n\n\n\n<figure class=\"wp-block-image size-full\"><img loading=\"lazy\" decoding=\"async\" width=\"1080\" height=\"720\" src=\"https:\/\/www.ulkoilutankameraa.fi\/blog\/wp-content\/uploads\/2023\/04\/DSCF4474.jpg\" alt=\"\" class=\"wp-image-6960\" srcset=\"https:\/\/www.ulkoilutankameraa.fi\/blog\/wp-content\/uploads\/2023\/04\/DSCF4474.jpg 1080w, https:\/\/www.ulkoilutankameraa.fi\/blog\/wp-content\/uploads\/2023\/04\/DSCF4474-325x217.jpg 325w, https:\/\/www.ulkoilutankameraa.fi\/blog\/wp-content\/uploads\/2023\/04\/DSCF4474-150x100.jpg 150w, https:\/\/www.ulkoilutankameraa.fi\/blog\/wp-content\/uploads\/2023\/04\/DSCF4474-904x603.jpg 904w\" sizes=\"auto, (max-width: 1080px) 100vw, 1080px\" \/><\/figure>\n\n\n\n<figure class=\"wp-block-image size-full\"><img loading=\"lazy\" decoding=\"async\" width=\"1080\" height=\"720\" src=\"https:\/\/www.ulkoilutankameraa.fi\/blog\/wp-content\/uploads\/2023\/04\/DSCF4481.jpg\" alt=\"\" class=\"wp-image-6961\" srcset=\"https:\/\/www.ulkoilutankameraa.fi\/blog\/wp-content\/uploads\/2023\/04\/DSCF4481.jpg 1080w, https:\/\/www.ulkoilutankameraa.fi\/blog\/wp-content\/uploads\/2023\/04\/DSCF4481-325x217.jpg 325w, https:\/\/www.ulkoilutankameraa.fi\/blog\/wp-content\/uploads\/2023\/04\/DSCF4481-150x100.jpg 150w, https:\/\/www.ulkoilutankameraa.fi\/blog\/wp-content\/uploads\/2023\/04\/DSCF4481-904x603.jpg 904w\" sizes=\"auto, (max-width: 1080px) 100vw, 1080px\" \/><\/figure>\n","protected":false},"excerpt":{"rendered":"<p>Tunsin itseni niin kevyeksi kun sai kulkea aika huolettomasti viel\u00e4 j\u00e4\u00e4ss\u00e4 olevalla suolla. V\u00e4h\u00e4n piti toki sovitella askeleita. Kuinka voi ihminen tulla hyv\u00e4lle tuulelle kun k\u00e4velee suolla. T\u00e4m\u00e4 ei ollut kysymys, koska ei ollut kysymysmerkki\u00e4. En silti tied\u00e4. K\u00e4velyn lis\u00e4ksi kokeilin uutta hankintaani TTARtisan 27mm 2.8 objektiivia. Saa arvata ja l\u00e4hett\u00e4\u00e4 arvauksen vaikka postikortilla. Kumpi [&hellip;]<\/p>\n","protected":false},"author":1,"featured_media":0,"comment_status":"open","ping_status":"open","sticky":false,"template":"","format":"standard","meta":{"footnotes":""},"categories":[1],"tags":[194,212,41],"class_list":["post-6962","post","type-post","status-publish","format-standard","hentry","category-uncategorized","tag-maisemakuvat","tag-suo","tag-teijo","content-columns-1"],"_links":{"self":[{"href":"https:\/\/www.ulkoilutankameraa.fi\/blog\/index.php?rest_route=\/wp\/v2\/posts\/6962","targetHints":{"allow":["GET"]}}],"collection":[{"href":"https:\/\/www.ulkoilutankameraa.fi\/blog\/index.php?rest_route=\/wp\/v2\/posts"}],"about":[{"href":"https:\/\/www.ulkoilutankameraa.fi\/blog\/index.php?rest_route=\/wp\/v2\/types\/post"}],"author":[{"embeddable":true,"href":"https:\/\/www.ulkoilutankameraa.fi\/blog\/index.php?rest_route=\/wp\/v2\/users\/1"}],"replies":[{"embeddable":true,"href":"https:\/\/www.ulkoilutankameraa.fi\/blog\/index.php?rest_route=%2Fwp%2Fv2%2Fcomments&post=6962"}],"version-history":[{"count":2,"href":"https:\/\/www.ulkoilutankameraa.fi\/blog\/index.php?rest_route=\/wp\/v2\/posts\/6962\/revisions"}],"predecessor-version":[{"id":6964,"href":"https:\/\/www.ulkoilutankameraa.fi\/blog\/index.php?rest_route=\/wp\/v2\/posts\/6962\/revisions\/6964"}],"wp:attachment":[{"href":"https:\/\/www.ulkoilutankameraa.fi\/blog\/index.php?rest_route=%2Fwp%2Fv2%2Fmedia&parent=6962"}],"wp:term":[{"taxonomy":"category","embeddable":true,"href":"https:\/\/www.ulkoilutankameraa.fi\/blog\/index.php?rest_route=%2Fwp%2Fv2%2Fcategories&post=6962"},{"taxonomy":"post_tag","embeddable":true,"href":"https:\/\/www.ulkoilutankameraa.fi\/blog\/index.php?rest_route=%2Fwp%2Fv2%2Ftags&post=6962"}],"curies":[{"name":"wp","href":"https:\/\/api.w.org\/{rel}","templated":true}]}}