{"id":6966,"date":"2023-04-12T20:50:43","date_gmt":"2023-04-12T17:50:43","guid":{"rendered":"https:\/\/www.ulkoilutankameraa.fi\/blog\/?p=6966"},"modified":"2023-04-12T21:02:47","modified_gmt":"2023-04-12T18:02:47","slug":"viimeiset-jaat","status":"publish","type":"post","link":"https:\/\/www.ulkoilutankameraa.fi\/blog\/?p=6966","title":{"rendered":"Viimeiset j\u00e4\u00e4t"},"content":{"rendered":"\n<p>Suo alkaa olla puhdas lumesta ja j\u00e4\u00e4st\u00e4, ainakin pinnalta. Viimeiset m\u00e4r\u00e4t paikat pid\u00e4ttelev\u00e4t viel\u00e4 hetken n\u00e4it\u00e4 j\u00e4\u00e4lauttoja.<\/p>\n\n\n\n<figure class=\"wp-block-image size-full\"><img loading=\"lazy\" decoding=\"async\" width=\"1080\" height=\"720\" src=\"https:\/\/www.ulkoilutankameraa.fi\/blog\/wp-content\/uploads\/2023\/04\/DSCF4505.jpg\" alt=\"\" class=\"wp-image-6965\" srcset=\"https:\/\/www.ulkoilutankameraa.fi\/blog\/wp-content\/uploads\/2023\/04\/DSCF4505.jpg 1080w, https:\/\/www.ulkoilutankameraa.fi\/blog\/wp-content\/uploads\/2023\/04\/DSCF4505-325x217.jpg 325w, https:\/\/www.ulkoilutankameraa.fi\/blog\/wp-content\/uploads\/2023\/04\/DSCF4505-150x100.jpg 150w, https:\/\/www.ulkoilutankameraa.fi\/blog\/wp-content\/uploads\/2023\/04\/DSCF4505-904x603.jpg 904w\" sizes=\"auto, (max-width: 1080px) 100vw, 1080px\" \/><\/figure>\n\n\n\n<p><\/p>\n","protected":false},"excerpt":{"rendered":"<p>Suo alkaa olla puhdas lumesta ja j\u00e4\u00e4st\u00e4, ainakin pinnalta. Viimeiset m\u00e4r\u00e4t paikat pid\u00e4ttelev\u00e4t viel\u00e4 hetken n\u00e4it\u00e4 j\u00e4\u00e4lauttoja.<\/p>\n","protected":false},"author":1,"featured_media":0,"comment_status":"open","ping_status":"open","sticky":false,"template":"","format":"standard","meta":{"footnotes":""},"categories":[1],"tags":[194,212,41],"class_list":["post-6966","post","type-post","status-publish","format-standard","hentry","category-uncategorized","tag-maisemakuvat","tag-suo","tag-teijo","content-columns-1"],"_links":{"self":[{"href":"https:\/\/www.ulkoilutankameraa.fi\/blog\/index.php?rest_route=\/wp\/v2\/posts\/6966","targetHints":{"allow":["GET"]}}],"collection":[{"href":"https:\/\/www.ulkoilutankameraa.fi\/blog\/index.php?rest_route=\/wp\/v2\/posts"}],"about":[{"href":"https:\/\/www.ulkoilutankameraa.fi\/blog\/index.php?rest_route=\/wp\/v2\/types\/post"}],"author":[{"embeddable":true,"href":"https:\/\/www.ulkoilutankameraa.fi\/blog\/index.php?rest_route=\/wp\/v2\/users\/1"}],"replies":[{"embeddable":true,"href":"https:\/\/www.ulkoilutankameraa.fi\/blog\/index.php?rest_route=%2Fwp%2Fv2%2Fcomments&post=6966"}],"version-history":[{"count":1,"href":"https:\/\/www.ulkoilutankameraa.fi\/blog\/index.php?rest_route=\/wp\/v2\/posts\/6966\/revisions"}],"predecessor-version":[{"id":6967,"href":"https:\/\/www.ulkoilutankameraa.fi\/blog\/index.php?rest_route=\/wp\/v2\/posts\/6966\/revisions\/6967"}],"wp:attachment":[{"href":"https:\/\/www.ulkoilutankameraa.fi\/blog\/index.php?rest_route=%2Fwp%2Fv2%2Fmedia&parent=6966"}],"wp:term":[{"taxonomy":"category","embeddable":true,"href":"https:\/\/www.ulkoilutankameraa.fi\/blog\/index.php?rest_route=%2Fwp%2Fv2%2Fcategories&post=6966"},{"taxonomy":"post_tag","embeddable":true,"href":"https:\/\/www.ulkoilutankameraa.fi\/blog\/index.php?rest_route=%2Fwp%2Fv2%2Ftags&post=6966"}],"curies":[{"name":"wp","href":"https:\/\/api.w.org\/{rel}","templated":true}]}}