{"id":6972,"date":"2023-04-17T20:56:48","date_gmt":"2023-04-17T17:56:48","guid":{"rendered":"https:\/\/www.ulkoilutankameraa.fi\/blog\/?p=6972"},"modified":"2023-04-17T20:56:50","modified_gmt":"2023-04-17T17:56:50","slug":"pysahdy-miettimaan","status":"publish","type":"post","link":"https:\/\/www.ulkoilutankameraa.fi\/blog\/?p=6972","title":{"rendered":"Pys\u00e4hdy miettim\u00e4\u00e4n"},"content":{"rendered":"\n<p>T\u00e4n\u00e4\u00e4n (oikeastaan eilen) huomasin taas, ett\u00e4 ei se takaa hyvi\u00e4 kuvia vaikka olisitkin kolme tuntia lempimaisemassasi. Pit\u00e4isi menn\u00e4 pitk\u00e4kseen ja pohtia. Pit\u00e4isi, siin\u00e4p\u00e4 se. Ainakin v\u00e4h\u00e4n rauhallisemmin, malttaa katsoa sit\u00e4 etsint\u00e4 tai ruutua. Eik\u00e4 sellaista ihme r\u00e4psimist\u00e4. Pit\u00e4isk\u00f6 ottaa taas jalusta k\u00e4ytt\u00f6\u00f6n. Vai r\u00e4psisk\u00f6 ja ottaisi ulkoilun kannalta. Isi, isi &#8211; en osaa p\u00e4\u00e4tt\u00e4\u00e4.<\/p>\n\n\n\n<figure class=\"wp-block-image size-full\"><img loading=\"lazy\" decoding=\"async\" width=\"1080\" height=\"720\" src=\"https:\/\/www.ulkoilutankameraa.fi\/blog\/wp-content\/uploads\/2023\/04\/DSCF4527.jpg\" alt=\"\" class=\"wp-image-6974\" srcset=\"https:\/\/www.ulkoilutankameraa.fi\/blog\/wp-content\/uploads\/2023\/04\/DSCF4527.jpg 1080w, https:\/\/www.ulkoilutankameraa.fi\/blog\/wp-content\/uploads\/2023\/04\/DSCF4527-325x217.jpg 325w, https:\/\/www.ulkoilutankameraa.fi\/blog\/wp-content\/uploads\/2023\/04\/DSCF4527-150x100.jpg 150w, https:\/\/www.ulkoilutankameraa.fi\/blog\/wp-content\/uploads\/2023\/04\/DSCF4527-904x603.jpg 904w\" sizes=\"auto, (max-width: 1080px) 100vw, 1080px\" \/><\/figure>\n","protected":false},"excerpt":{"rendered":"<p>T\u00e4n\u00e4\u00e4n (oikeastaan eilen) huomasin taas, ett\u00e4 ei se takaa hyvi\u00e4 kuvia vaikka olisitkin kolme tuntia lempimaisemassasi. Pit\u00e4isi menn\u00e4 pitk\u00e4kseen ja pohtia. Pit\u00e4isi, siin\u00e4p\u00e4 se. Ainakin v\u00e4h\u00e4n rauhallisemmin, malttaa katsoa sit\u00e4 etsint\u00e4 tai ruutua. Eik\u00e4 sellaista ihme r\u00e4psimist\u00e4. Pit\u00e4isk\u00f6 ottaa taas jalusta k\u00e4ytt\u00f6\u00f6n. Vai r\u00e4psisk\u00f6 ja ottaisi ulkoilun kannalta. Isi, isi &#8211; en osaa p\u00e4\u00e4tt\u00e4\u00e4.<\/p>\n","protected":false},"author":1,"featured_media":0,"comment_status":"open","ping_status":"open","sticky":false,"template":"","format":"standard","meta":{"footnotes":""},"categories":[1],"tags":[194,42],"class_list":["post-6972","post","type-post","status-publish","format-standard","hentry","category-uncategorized","tag-maisemakuvat","tag-metsa","content-columns-1"],"_links":{"self":[{"href":"https:\/\/www.ulkoilutankameraa.fi\/blog\/index.php?rest_route=\/wp\/v2\/posts\/6972","targetHints":{"allow":["GET"]}}],"collection":[{"href":"https:\/\/www.ulkoilutankameraa.fi\/blog\/index.php?rest_route=\/wp\/v2\/posts"}],"about":[{"href":"https:\/\/www.ulkoilutankameraa.fi\/blog\/index.php?rest_route=\/wp\/v2\/types\/post"}],"author":[{"embeddable":true,"href":"https:\/\/www.ulkoilutankameraa.fi\/blog\/index.php?rest_route=\/wp\/v2\/users\/1"}],"replies":[{"embeddable":true,"href":"https:\/\/www.ulkoilutankameraa.fi\/blog\/index.php?rest_route=%2Fwp%2Fv2%2Fcomments&post=6972"}],"version-history":[{"count":2,"href":"https:\/\/www.ulkoilutankameraa.fi\/blog\/index.php?rest_route=\/wp\/v2\/posts\/6972\/revisions"}],"predecessor-version":[{"id":6976,"href":"https:\/\/www.ulkoilutankameraa.fi\/blog\/index.php?rest_route=\/wp\/v2\/posts\/6972\/revisions\/6976"}],"wp:attachment":[{"href":"https:\/\/www.ulkoilutankameraa.fi\/blog\/index.php?rest_route=%2Fwp%2Fv2%2Fmedia&parent=6972"}],"wp:term":[{"taxonomy":"category","embeddable":true,"href":"https:\/\/www.ulkoilutankameraa.fi\/blog\/index.php?rest_route=%2Fwp%2Fv2%2Fcategories&post=6972"},{"taxonomy":"post_tag","embeddable":true,"href":"https:\/\/www.ulkoilutankameraa.fi\/blog\/index.php?rest_route=%2Fwp%2Fv2%2Ftags&post=6972"}],"curies":[{"name":"wp","href":"https:\/\/api.w.org\/{rel}","templated":true}]}}