{"id":7166,"date":"2023-09-17T11:22:05","date_gmt":"2023-09-17T08:22:05","guid":{"rendered":"https:\/\/www.ulkoilutankameraa.fi\/blog\/?p=7166"},"modified":"2023-09-17T11:22:06","modified_gmt":"2023-09-17T08:22:06","slug":"taidevaellus-helsinkiin","status":"publish","type":"post","link":"https:\/\/www.ulkoilutankameraa.fi\/blog\/?p=7166","title":{"rendered":"Taidevaellus Helsinkiin"},"content":{"rendered":"\n<p>Koko kes\u00e4 ollut aikaa ja vihdoin l\u00e4hdettiin. Uutena kohteena Amos Hem, Yrj\u00f6nkadulla. Taidemuseota on palautettu alkup\u00e4iseen asuunsa muutaman huoneen verran. Hienosti kunnostettu, jonkun verran tauluja, mutta ei varsinainen taiden\u00e4yttely tai galleriatila. Oikeasti k\u00e4vin vakoilemassa ovatko S\u00f6derl\u00e5ngvikist\u00e4 kadonneet ruukut siirretty t\u00e4nne vai tilap\u00e4isesti kes\u00e4n\u00e4yttelyn alta muualla jemmassa. Ei n\u00e4kyny.<\/p>\n\n\n\n<p>Toinen kohde oli Kansallismuseon outsider tai marginaalitaide -n\u00e4yttely. Jonkun verran oli ennakkoluuloja, johtuen siit\u00e4, ett\u00e4 en ymm\u00e4rr\u00e4, miksi pit\u00e4\u00e4 tehd\u00e4 noita luokitteluja. Ottaa vaan niin, ett\u00e4 menee katsomaan kivoja kuvia ja unohtaa kategoriat. Onneksi olin v\u00e4\u00e4r\u00e4ss\u00e4. N\u00e4m\u00e4 ty\u00f6t kertovat tarinaa aivan samalla tavalla kuin valokuvan tarkka maalaus 1600-luvulta hanhen nyppimisest\u00e4 hollantilaisessa keitti\u00f6ss\u00e4. Kovia juttuja sarjassaan kumpikin, kumpaakaan v\u00e4heksym\u00e4tt\u00e4. Hyv\u00e4 mieli j\u00e4i.<\/p>\n\n\n\n<p>Kolmas kohde oli Kiasman Ars Fennica. Koska olen osoittanut olevani nykytaidetta huonosti ymm\u00e4rt\u00e4v\u00e4 henkil\u00f6, niin ei t\u00e4st\u00e4 sen enemp\u00e4\u00e4, paitsi Camille Normentille&#8217;n ty\u00f6. Sit\u00e4 ei tarvinnut katsoa, kunhan istui ja antoi vaikuttaa.<\/p>\n\n\n\n<figure class=\"wp-block-image size-full\"><img loading=\"lazy\" decoding=\"async\" width=\"864\" height=\"1080\" src=\"https:\/\/www.ulkoilutankameraa.fi\/blog\/wp-content\/uploads\/2023\/09\/PXL_20230916_081953448.jpg\" alt=\"\" class=\"wp-image-7164\" srcset=\"https:\/\/www.ulkoilutankameraa.fi\/blog\/wp-content\/uploads\/2023\/09\/PXL_20230916_081953448.jpg 864w, https:\/\/www.ulkoilutankameraa.fi\/blog\/wp-content\/uploads\/2023\/09\/PXL_20230916_081953448-325x406.jpg 325w, https:\/\/www.ulkoilutankameraa.fi\/blog\/wp-content\/uploads\/2023\/09\/PXL_20230916_081953448-120x150.jpg 120w, https:\/\/www.ulkoilutankameraa.fi\/blog\/wp-content\/uploads\/2023\/09\/PXL_20230916_081953448-723x904.jpg 723w\" sizes=\"auto, (max-width: 864px) 100vw, 864px\" \/><\/figure>\n\n\n\n<figure class=\"wp-block-image size-full\"><img loading=\"lazy\" decoding=\"async\" width=\"864\" height=\"1080\" src=\"https:\/\/www.ulkoilutankameraa.fi\/blog\/wp-content\/uploads\/2023\/09\/PXL_20230916_100015298.jpg\" alt=\"\" class=\"wp-image-7165\" srcset=\"https:\/\/www.ulkoilutankameraa.fi\/blog\/wp-content\/uploads\/2023\/09\/PXL_20230916_100015298.jpg 864w, https:\/\/www.ulkoilutankameraa.fi\/blog\/wp-content\/uploads\/2023\/09\/PXL_20230916_100015298-325x406.jpg 325w, https:\/\/www.ulkoilutankameraa.fi\/blog\/wp-content\/uploads\/2023\/09\/PXL_20230916_100015298-120x150.jpg 120w, https:\/\/www.ulkoilutankameraa.fi\/blog\/wp-content\/uploads\/2023\/09\/PXL_20230916_100015298-723x904.jpg 723w\" sizes=\"auto, (max-width: 864px) 100vw, 864px\" \/><\/figure>\n","protected":false},"excerpt":{"rendered":"<p>Koko kes\u00e4 ollut aikaa ja vihdoin l\u00e4hdettiin. Uutena kohteena Amos Hem, Yrj\u00f6nkadulla. Taidemuseota on palautettu alkup\u00e4iseen asuunsa muutaman huoneen verran. Hienosti kunnostettu, jonkun verran tauluja, mutta ei varsinainen taiden\u00e4yttely tai galleriatila. Oikeasti k\u00e4vin vakoilemassa ovatko S\u00f6derl\u00e5ngvikist\u00e4 kadonneet ruukut siirretty t\u00e4nne vai tilap\u00e4isesti kes\u00e4n\u00e4yttelyn alta muualla jemmassa. Ei n\u00e4kyny. Toinen kohde oli Kansallismuseon outsider tai marginaalitaide [&hellip;]<\/p>\n","protected":false},"author":1,"featured_media":0,"comment_status":"open","ping_status":"open","sticky":false,"template":"","format":"standard","meta":{"footnotes":""},"categories":[1],"tags":[82,25],"class_list":["post-7166","post","type-post","status-publish","format-standard","hentry","category-uncategorized","tag-helsinki","tag-nayttelyt","content-columns-1"],"_links":{"self":[{"href":"https:\/\/www.ulkoilutankameraa.fi\/blog\/index.php?rest_route=\/wp\/v2\/posts\/7166","targetHints":{"allow":["GET"]}}],"collection":[{"href":"https:\/\/www.ulkoilutankameraa.fi\/blog\/index.php?rest_route=\/wp\/v2\/posts"}],"about":[{"href":"https:\/\/www.ulkoilutankameraa.fi\/blog\/index.php?rest_route=\/wp\/v2\/types\/post"}],"author":[{"embeddable":true,"href":"https:\/\/www.ulkoilutankameraa.fi\/blog\/index.php?rest_route=\/wp\/v2\/users\/1"}],"replies":[{"embeddable":true,"href":"https:\/\/www.ulkoilutankameraa.fi\/blog\/index.php?rest_route=%2Fwp%2Fv2%2Fcomments&post=7166"}],"version-history":[{"count":1,"href":"https:\/\/www.ulkoilutankameraa.fi\/blog\/index.php?rest_route=\/wp\/v2\/posts\/7166\/revisions"}],"predecessor-version":[{"id":7167,"href":"https:\/\/www.ulkoilutankameraa.fi\/blog\/index.php?rest_route=\/wp\/v2\/posts\/7166\/revisions\/7167"}],"wp:attachment":[{"href":"https:\/\/www.ulkoilutankameraa.fi\/blog\/index.php?rest_route=%2Fwp%2Fv2%2Fmedia&parent=7166"}],"wp:term":[{"taxonomy":"category","embeddable":true,"href":"https:\/\/www.ulkoilutankameraa.fi\/blog\/index.php?rest_route=%2Fwp%2Fv2%2Fcategories&post=7166"},{"taxonomy":"post_tag","embeddable":true,"href":"https:\/\/www.ulkoilutankameraa.fi\/blog\/index.php?rest_route=%2Fwp%2Fv2%2Ftags&post=7166"}],"curies":[{"name":"wp","href":"https:\/\/api.w.org\/{rel}","templated":true}]}}