{"id":7235,"date":"2024-02-25T18:43:30","date_gmt":"2024-02-25T16:43:30","guid":{"rendered":"https:\/\/www.ulkoilutankameraa.fi\/blog\/?p=7235"},"modified":"2024-02-25T18:43:31","modified_gmt":"2024-02-25T16:43:31","slug":"ikava-temppu","status":"publish","type":"post","link":"https:\/\/www.ulkoilutankameraa.fi\/blog\/?p=7235","title":{"rendered":"Ik\u00e4v\u00e4 temppu"},"content":{"rendered":"\n<p>Minusta on huono tapa j\u00e4tt\u00e4\u00e4 vaatteita ja varusteita vesist\u00f6n \u00e4\u00e4reen ja h\u00e4ipy\u00e4 paikalta. Ei t\u00e4ss\u00e4 mit\u00e4\u00e4n stramaattista tapahtunut. Joku Avantorallin osallistuja taisi poistua normaaliprotokollalla kohti seuraavaa avantoa. L\u00e4hti matkaan paljain jaloin eli paljalvo, niin kuin salolaise sanova.<\/p>\n\n\n\n<figure class=\"wp-block-image size-full\"><img loading=\"lazy\" decoding=\"async\" width=\"811\" height=\"1080\" src=\"https:\/\/www.ulkoilutankameraa.fi\/blog\/wp-content\/uploads\/2024\/02\/PXL_20240218_145100809.jpg\" alt=\"\" class=\"wp-image-7232\" srcset=\"https:\/\/www.ulkoilutankameraa.fi\/blog\/wp-content\/uploads\/2024\/02\/PXL_20240218_145100809.jpg 811w, https:\/\/www.ulkoilutankameraa.fi\/blog\/wp-content\/uploads\/2024\/02\/PXL_20240218_145100809-325x433.jpg 325w, https:\/\/www.ulkoilutankameraa.fi\/blog\/wp-content\/uploads\/2024\/02\/PXL_20240218_145100809-113x150.jpg 113w, https:\/\/www.ulkoilutankameraa.fi\/blog\/wp-content\/uploads\/2024\/02\/PXL_20240218_145100809-679x904.jpg 679w\" sizes=\"auto, (max-width: 811px) 100vw, 811px\" \/><\/figure>\n","protected":false},"excerpt":{"rendered":"<p>Minusta on huono tapa j\u00e4tt\u00e4\u00e4 vaatteita ja varusteita vesist\u00f6n \u00e4\u00e4reen ja h\u00e4ipy\u00e4 paikalta. Ei t\u00e4ss\u00e4 mit\u00e4\u00e4n stramaattista tapahtunut. Joku Avantorallin osallistuja taisi poistua normaaliprotokollalla kohti seuraavaa avantoa. L\u00e4hti matkaan paljain jaloin eli paljalvo, niin kuin salolaise sanova.<\/p>\n","protected":false},"author":1,"featured_media":0,"comment_status":"open","ping_status":"open","sticky":false,"template":"","format":"standard","meta":{"footnotes":""},"categories":[1],"tags":[60,247,17],"class_list":["post-7235","post","type-post","status-publish","format-standard","hentry","category-uncategorized","tag-cityscapes","tag-kaupunkikuvat","tag-salo","content-columns-1"],"_links":{"self":[{"href":"https:\/\/www.ulkoilutankameraa.fi\/blog\/index.php?rest_route=\/wp\/v2\/posts\/7235","targetHints":{"allow":["GET"]}}],"collection":[{"href":"https:\/\/www.ulkoilutankameraa.fi\/blog\/index.php?rest_route=\/wp\/v2\/posts"}],"about":[{"href":"https:\/\/www.ulkoilutankameraa.fi\/blog\/index.php?rest_route=\/wp\/v2\/types\/post"}],"author":[{"embeddable":true,"href":"https:\/\/www.ulkoilutankameraa.fi\/blog\/index.php?rest_route=\/wp\/v2\/users\/1"}],"replies":[{"embeddable":true,"href":"https:\/\/www.ulkoilutankameraa.fi\/blog\/index.php?rest_route=%2Fwp%2Fv2%2Fcomments&post=7235"}],"version-history":[{"count":1,"href":"https:\/\/www.ulkoilutankameraa.fi\/blog\/index.php?rest_route=\/wp\/v2\/posts\/7235\/revisions"}],"predecessor-version":[{"id":7236,"href":"https:\/\/www.ulkoilutankameraa.fi\/blog\/index.php?rest_route=\/wp\/v2\/posts\/7235\/revisions\/7236"}],"wp:attachment":[{"href":"https:\/\/www.ulkoilutankameraa.fi\/blog\/index.php?rest_route=%2Fwp%2Fv2%2Fmedia&parent=7235"}],"wp:term":[{"taxonomy":"category","embeddable":true,"href":"https:\/\/www.ulkoilutankameraa.fi\/blog\/index.php?rest_route=%2Fwp%2Fv2%2Fcategories&post=7235"},{"taxonomy":"post_tag","embeddable":true,"href":"https:\/\/www.ulkoilutankameraa.fi\/blog\/index.php?rest_route=%2Fwp%2Fv2%2Ftags&post=7235"}],"curies":[{"name":"wp","href":"https:\/\/api.w.org\/{rel}","templated":true}]}}