{"id":7407,"date":"2025-01-26T14:50:11","date_gmt":"2025-01-26T12:50:11","guid":{"rendered":"https:\/\/www.ulkoilutankameraa.fi\/blog\/?p=7407"},"modified":"2025-01-26T14:50:12","modified_gmt":"2025-01-26T12:50:12","slug":"harro-koskinen-aika-saaressa-salon-taidemuseo-veturitalli","status":"publish","type":"post","link":"https:\/\/www.ulkoilutankameraa.fi\/blog\/?p=7407","title":{"rendered":"Harro Koskinen, Aika saaressa Salon taidemuseo Veturitalli"},"content":{"rendered":"\n<p>En ole saariston kasvatti enk\u00e4 veneilij\u00e4. Minulle nuo kuvat eiv\u00e4t sill\u00e4 lailla kolahtaneet kuin asian kanssa enemm\u00e4n el\u00e4neille. Minuun iski tuo kokonaisuus. Useimmiten n\u00e4yttelyist\u00e4 poimitaan niit\u00e4 hienoja yksitt\u00e4isi\u00e4 t\u00f6it\u00e4. Kokonaisuus sill\u00e4 lailla, ett\u00e4 Koskinen manitsi videolla kahdesti, ett\u00e4 t\u00e4m\u00e4 on rakas paikka ja h\u00e4n selailee usein sielt\u00e4 otettuja valokuvia. Niin min\u00e4kin teen. Selaan vanhoja kuvia ja muistelen. Luopumisen hetken ollessa p\u00e4iv\u00e4 p\u00e4iv\u00e4lt\u00e4 l\u00e4hemp\u00e4n\u00e4, tulevat nuo kuvat aina vain t\u00e4rke\u00e4mmiksi. <\/p>\n\n\n\n<figure class=\"wp-block-image size-full\"><img loading=\"lazy\" decoding=\"async\" width=\"864\" height=\"1080\" src=\"https:\/\/www.ulkoilutankameraa.fi\/blog\/wp-content\/uploads\/2025\/01\/PXL_20250125_101649291.RAW-01.COVER_.jpg\" alt=\"\" class=\"wp-image-7406\" srcset=\"https:\/\/www.ulkoilutankameraa.fi\/blog\/wp-content\/uploads\/2025\/01\/PXL_20250125_101649291.RAW-01.COVER_.jpg 864w, https:\/\/www.ulkoilutankameraa.fi\/blog\/wp-content\/uploads\/2025\/01\/PXL_20250125_101649291.RAW-01.COVER_-325x406.jpg 325w, https:\/\/www.ulkoilutankameraa.fi\/blog\/wp-content\/uploads\/2025\/01\/PXL_20250125_101649291.RAW-01.COVER_-120x150.jpg 120w, https:\/\/www.ulkoilutankameraa.fi\/blog\/wp-content\/uploads\/2025\/01\/PXL_20250125_101649291.RAW-01.COVER_-723x904.jpg 723w\" sizes=\"auto, (max-width: 864px) 100vw, 864px\" \/><\/figure>\n\n\n\n<p>(Hienoja kalusteita kuvissa oli, niit\u00e4 tuli katsottua tarkemmin.)<\/p>\n","protected":false},"excerpt":{"rendered":"<p>En ole saariston kasvatti enk\u00e4 veneilij\u00e4. Minulle nuo kuvat eiv\u00e4t sill\u00e4 lailla kolahtaneet kuin asian kanssa enemm\u00e4n el\u00e4neille. Minuun iski tuo kokonaisuus. Useimmiten n\u00e4yttelyist\u00e4 poimitaan niit\u00e4 hienoja yksitt\u00e4isi\u00e4 t\u00f6it\u00e4. Kokonaisuus sill\u00e4 lailla, ett\u00e4 Koskinen manitsi videolla kahdesti, ett\u00e4 t\u00e4m\u00e4 on rakas paikka ja h\u00e4n selailee usein sielt\u00e4 otettuja valokuvia. Niin min\u00e4kin teen. Selaan vanhoja kuvia [&hellip;]<\/p>\n","protected":false},"author":1,"featured_media":0,"comment_status":"closed","ping_status":"open","sticky":false,"template":"","format":"standard","meta":{"footnotes":""},"categories":[1],"tags":[25,17],"class_list":["post-7407","post","type-post","status-publish","format-standard","hentry","category-uncategorized","tag-nayttelyt","tag-salo","content-columns-1"],"_links":{"self":[{"href":"https:\/\/www.ulkoilutankameraa.fi\/blog\/index.php?rest_route=\/wp\/v2\/posts\/7407","targetHints":{"allow":["GET"]}}],"collection":[{"href":"https:\/\/www.ulkoilutankameraa.fi\/blog\/index.php?rest_route=\/wp\/v2\/posts"}],"about":[{"href":"https:\/\/www.ulkoilutankameraa.fi\/blog\/index.php?rest_route=\/wp\/v2\/types\/post"}],"author":[{"embeddable":true,"href":"https:\/\/www.ulkoilutankameraa.fi\/blog\/index.php?rest_route=\/wp\/v2\/users\/1"}],"replies":[{"embeddable":true,"href":"https:\/\/www.ulkoilutankameraa.fi\/blog\/index.php?rest_route=%2Fwp%2Fv2%2Fcomments&post=7407"}],"version-history":[{"count":1,"href":"https:\/\/www.ulkoilutankameraa.fi\/blog\/index.php?rest_route=\/wp\/v2\/posts\/7407\/revisions"}],"predecessor-version":[{"id":7408,"href":"https:\/\/www.ulkoilutankameraa.fi\/blog\/index.php?rest_route=\/wp\/v2\/posts\/7407\/revisions\/7408"}],"wp:attachment":[{"href":"https:\/\/www.ulkoilutankameraa.fi\/blog\/index.php?rest_route=%2Fwp%2Fv2%2Fmedia&parent=7407"}],"wp:term":[{"taxonomy":"category","embeddable":true,"href":"https:\/\/www.ulkoilutankameraa.fi\/blog\/index.php?rest_route=%2Fwp%2Fv2%2Fcategories&post=7407"},{"taxonomy":"post_tag","embeddable":true,"href":"https:\/\/www.ulkoilutankameraa.fi\/blog\/index.php?rest_route=%2Fwp%2Fv2%2Ftags&post=7407"}],"curies":[{"name":"wp","href":"https:\/\/api.w.org\/{rel}","templated":true}]}}