{"id":7415,"date":"2025-01-31T18:41:38","date_gmt":"2025-01-31T16:41:38","guid":{"rendered":"https:\/\/www.ulkoilutankameraa.fi\/blog\/?p=7415"},"modified":"2025-01-31T18:41:38","modified_gmt":"2025-01-31T16:41:38","slug":"viel-jai-jait","status":"publish","type":"post","link":"https:\/\/www.ulkoilutankameraa.fi\/blog\/?p=7415","title":{"rendered":"Viel j\u00e4i j\u00e4it"},"content":{"rendered":"\n<p>Ei saanut l\u00e4mmin vesisade h\u00e4ivytetty\u00e4 kaikki j\u00e4it\u00e4. Halikonlahden v\u00e4yl\u00e4 pitk\u00e4lle sula ja salmi ihan auki. Wiurilan puolella j\u00e4it\u00e4 on enemm\u00e4n. Viel\u00e4 ehtiv\u00e4t j\u00e4\u00e4ty\u00e4 uudelleen &#8211; KOP, KOP.<\/p>\n\n\n\n<p>Kiva p\u00e4iv\u00e4 oli inhailla (laittaa kamera tarakalle ja l\u00e4hte\u00e4 py\u00f6r\u00e4ilem\u00e4\u00e4n vrt. IIK Inha). Tyyni ja sateeton niin p\u00e4rj\u00e4si parilla plussa-asteella.<\/p>\n\n\n\n<figure class=\"wp-block-image size-full\"><img loading=\"lazy\" decoding=\"async\" width=\"1080\" height=\"720\" src=\"https:\/\/www.ulkoilutankameraa.fi\/blog\/wp-content\/uploads\/2025\/01\/DSCF5181.jpg\" alt=\"\" class=\"wp-image-7414\" srcset=\"https:\/\/www.ulkoilutankameraa.fi\/blog\/wp-content\/uploads\/2025\/01\/DSCF5181.jpg 1080w, https:\/\/www.ulkoilutankameraa.fi\/blog\/wp-content\/uploads\/2025\/01\/DSCF5181-325x217.jpg 325w, https:\/\/www.ulkoilutankameraa.fi\/blog\/wp-content\/uploads\/2025\/01\/DSCF5181-150x100.jpg 150w, https:\/\/www.ulkoilutankameraa.fi\/blog\/wp-content\/uploads\/2025\/01\/DSCF5181-904x603.jpg 904w\" sizes=\"auto, (max-width: 1080px) 100vw, 1080px\" \/><\/figure>\n","protected":false},"excerpt":{"rendered":"<p>Ei saanut l\u00e4mmin vesisade h\u00e4ivytetty\u00e4 kaikki j\u00e4it\u00e4. Halikonlahden v\u00e4yl\u00e4 pitk\u00e4lle sula ja salmi ihan auki. Wiurilan puolella j\u00e4it\u00e4 on enemm\u00e4n. Viel\u00e4 ehtiv\u00e4t j\u00e4\u00e4ty\u00e4 uudelleen &#8211; KOP, KOP. Kiva p\u00e4iv\u00e4 oli inhailla (laittaa kamera tarakalle ja l\u00e4hte\u00e4 py\u00f6r\u00e4ilem\u00e4\u00e4n vrt. IIK Inha). Tyyni ja sateeton niin p\u00e4rj\u00e4si parilla plussa-asteella.<\/p>\n","protected":false},"author":1,"featured_media":0,"comment_status":"closed","ping_status":"open","sticky":false,"template":"","format":"standard","meta":{"footnotes":""},"categories":[1],"tags":[175,17,255],"class_list":["post-7415","post","type-post","status-publish","format-standard","hentry","category-uncategorized","tag-halikonlahti","tag-salo","tag-vuohensaari","content-columns-1"],"_links":{"self":[{"href":"https:\/\/www.ulkoilutankameraa.fi\/blog\/index.php?rest_route=\/wp\/v2\/posts\/7415","targetHints":{"allow":["GET"]}}],"collection":[{"href":"https:\/\/www.ulkoilutankameraa.fi\/blog\/index.php?rest_route=\/wp\/v2\/posts"}],"about":[{"href":"https:\/\/www.ulkoilutankameraa.fi\/blog\/index.php?rest_route=\/wp\/v2\/types\/post"}],"author":[{"embeddable":true,"href":"https:\/\/www.ulkoilutankameraa.fi\/blog\/index.php?rest_route=\/wp\/v2\/users\/1"}],"replies":[{"embeddable":true,"href":"https:\/\/www.ulkoilutankameraa.fi\/blog\/index.php?rest_route=%2Fwp%2Fv2%2Fcomments&post=7415"}],"version-history":[{"count":1,"href":"https:\/\/www.ulkoilutankameraa.fi\/blog\/index.php?rest_route=\/wp\/v2\/posts\/7415\/revisions"}],"predecessor-version":[{"id":7416,"href":"https:\/\/www.ulkoilutankameraa.fi\/blog\/index.php?rest_route=\/wp\/v2\/posts\/7415\/revisions\/7416"}],"wp:attachment":[{"href":"https:\/\/www.ulkoilutankameraa.fi\/blog\/index.php?rest_route=%2Fwp%2Fv2%2Fmedia&parent=7415"}],"wp:term":[{"taxonomy":"category","embeddable":true,"href":"https:\/\/www.ulkoilutankameraa.fi\/blog\/index.php?rest_route=%2Fwp%2Fv2%2Fcategories&post=7415"},{"taxonomy":"post_tag","embeddable":true,"href":"https:\/\/www.ulkoilutankameraa.fi\/blog\/index.php?rest_route=%2Fwp%2Fv2%2Ftags&post=7415"}],"curies":[{"name":"wp","href":"https:\/\/api.w.org\/{rel}","templated":true}]}}