{"id":7418,"date":"2025-02-01T17:08:48","date_gmt":"2025-02-01T15:08:48","guid":{"rendered":"https:\/\/www.ulkoilutankameraa.fi\/blog\/?p=7418"},"modified":"2025-02-01T17:08:49","modified_gmt":"2025-02-01T15:08:49","slug":"vaisakon-lehto","status":"publish","type":"post","link":"https:\/\/www.ulkoilutankameraa.fi\/blog\/?p=7418","title":{"rendered":"Vaisakon lehto"},"content":{"rendered":"\n<p>K\u00e4vinp\u00e4 t\u00e4\u00e4ll\u00e4kin kurkkaamassa. Hiljaista oli. Yksi koira, k\u00e4pytikan \u00e4\u00e4ni ja pari tiaista. Kummallista. <\/p>\n\n\n\n<p>Maasto kostea, mutta ei m\u00e4rk\u00e4\u00e4, hieman kuraista, pitkospuut paikoitellen liukkaan limaisia ja j\u00e4isi\u00e4. Sinivuokot eiv\u00e4t olleet kukassa, ei siis sekaisin ihan luonto ole. Kiitt\u00e4k\u00e4\u00e4mme korkeimpia voimia kukin uskonsa ja voimiensa mukaan.<\/p>\n\n\n\n<p>Vihre\u00e4\u00e4 on paljon, sammal oikein hohtaa. Eri tavalla kuin kes\u00e4ll\u00e4.<\/p>\n\n\n\n<figure class=\"wp-block-image size-full\"><img loading=\"lazy\" decoding=\"async\" width=\"864\" height=\"1080\" src=\"https:\/\/www.ulkoilutankameraa.fi\/blog\/wp-content\/uploads\/2025\/02\/PXL_20250201_105146654.jpg\" alt=\"\" class=\"wp-image-7417\" srcset=\"https:\/\/www.ulkoilutankameraa.fi\/blog\/wp-content\/uploads\/2025\/02\/PXL_20250201_105146654.jpg 864w, https:\/\/www.ulkoilutankameraa.fi\/blog\/wp-content\/uploads\/2025\/02\/PXL_20250201_105146654-325x406.jpg 325w, https:\/\/www.ulkoilutankameraa.fi\/blog\/wp-content\/uploads\/2025\/02\/PXL_20250201_105146654-120x150.jpg 120w, https:\/\/www.ulkoilutankameraa.fi\/blog\/wp-content\/uploads\/2025\/02\/PXL_20250201_105146654-723x904.jpg 723w\" sizes=\"auto, (max-width: 864px) 100vw, 864px\" \/><\/figure>\n","protected":false},"excerpt":{"rendered":"<p>K\u00e4vinp\u00e4 t\u00e4\u00e4ll\u00e4kin kurkkaamassa. Hiljaista oli. Yksi koira, k\u00e4pytikan \u00e4\u00e4ni ja pari tiaista. Kummallista. Maasto kostea, mutta ei m\u00e4rk\u00e4\u00e4, hieman kuraista, pitkospuut paikoitellen liukkaan limaisia ja j\u00e4isi\u00e4. Sinivuokot eiv\u00e4t olleet kukassa, ei siis sekaisin ihan luonto ole. Kiitt\u00e4k\u00e4\u00e4mme korkeimpia voimia kukin uskonsa ja voimiensa mukaan. Vihre\u00e4\u00e4 on paljon, sammal oikein hohtaa. Eri tavalla kuin kes\u00e4ll\u00e4.<\/p>\n","protected":false},"author":1,"featured_media":0,"comment_status":"closed","ping_status":"open","sticky":false,"template":"","format":"standard","meta":{"footnotes":""},"categories":[1],"tags":[194,17,131],"class_list":["post-7418","post","type-post","status-publish","format-standard","hentry","category-uncategorized","tag-maisemakuvat","tag-salo","tag-vaisakko","content-columns-1"],"_links":{"self":[{"href":"https:\/\/www.ulkoilutankameraa.fi\/blog\/index.php?rest_route=\/wp\/v2\/posts\/7418","targetHints":{"allow":["GET"]}}],"collection":[{"href":"https:\/\/www.ulkoilutankameraa.fi\/blog\/index.php?rest_route=\/wp\/v2\/posts"}],"about":[{"href":"https:\/\/www.ulkoilutankameraa.fi\/blog\/index.php?rest_route=\/wp\/v2\/types\/post"}],"author":[{"embeddable":true,"href":"https:\/\/www.ulkoilutankameraa.fi\/blog\/index.php?rest_route=\/wp\/v2\/users\/1"}],"replies":[{"embeddable":true,"href":"https:\/\/www.ulkoilutankameraa.fi\/blog\/index.php?rest_route=%2Fwp%2Fv2%2Fcomments&post=7418"}],"version-history":[{"count":1,"href":"https:\/\/www.ulkoilutankameraa.fi\/blog\/index.php?rest_route=\/wp\/v2\/posts\/7418\/revisions"}],"predecessor-version":[{"id":7419,"href":"https:\/\/www.ulkoilutankameraa.fi\/blog\/index.php?rest_route=\/wp\/v2\/posts\/7418\/revisions\/7419"}],"wp:attachment":[{"href":"https:\/\/www.ulkoilutankameraa.fi\/blog\/index.php?rest_route=%2Fwp%2Fv2%2Fmedia&parent=7418"}],"wp:term":[{"taxonomy":"category","embeddable":true,"href":"https:\/\/www.ulkoilutankameraa.fi\/blog\/index.php?rest_route=%2Fwp%2Fv2%2Fcategories&post=7418"},{"taxonomy":"post_tag","embeddable":true,"href":"https:\/\/www.ulkoilutankameraa.fi\/blog\/index.php?rest_route=%2Fwp%2Fv2%2Ftags&post=7418"}],"curies":[{"name":"wp","href":"https:\/\/api.w.org\/{rel}","templated":true}]}}