{"id":7426,"date":"2025-02-08T13:44:22","date_gmt":"2025-02-08T11:44:22","guid":{"rendered":"https:\/\/www.ulkoilutankameraa.fi\/blog\/?p=7426"},"modified":"2025-02-08T13:44:23","modified_gmt":"2025-02-08T11:44:23","slug":"128673985-potenssin-4-shades-of-grey","status":"publish","type":"post","link":"https:\/\/www.ulkoilutankameraa.fi\/blog\/?p=7426","title":{"rendered":"128673985 potenssin 4 Shades of Grey"},"content":{"rendered":"\n<p>Silt\u00e4 t\u00e4m\u00e4 talvi tuntuu. Pelkk\u00e4\u00e4 harmaata ja kuravett\u00e4. Herkempi voisi vaikka masentua, mutta min\u00e4 \u00e4rsyynnyn. <\/p>\n\n\n\n<p>Harmaus on niin paksua, ettei siit\u00e4 tule mit\u00e4\u00e4n l\u00e4pi ja jos tulisi, niin maa imisi sen.<\/p>\n\n\n\n<figure class=\"wp-block-image size-full\"><img loading=\"lazy\" decoding=\"async\" width=\"1080\" height=\"720\" src=\"https:\/\/www.ulkoilutankameraa.fi\/blog\/wp-content\/uploads\/2025\/02\/DSCF5233.jpg\" alt=\"\" class=\"wp-image-7425\" srcset=\"https:\/\/www.ulkoilutankameraa.fi\/blog\/wp-content\/uploads\/2025\/02\/DSCF5233.jpg 1080w, https:\/\/www.ulkoilutankameraa.fi\/blog\/wp-content\/uploads\/2025\/02\/DSCF5233-325x217.jpg 325w, https:\/\/www.ulkoilutankameraa.fi\/blog\/wp-content\/uploads\/2025\/02\/DSCF5233-150x100.jpg 150w, https:\/\/www.ulkoilutankameraa.fi\/blog\/wp-content\/uploads\/2025\/02\/DSCF5233-904x603.jpg 904w\" sizes=\"auto, (max-width: 1080px) 100vw, 1080px\" \/><\/figure>\n\n\n\n<figure class=\"wp-block-image size-full\"><img loading=\"lazy\" decoding=\"async\" width=\"1080\" height=\"720\" src=\"https:\/\/www.ulkoilutankameraa.fi\/blog\/wp-content\/uploads\/2025\/02\/DSCF5228.jpg\" alt=\"\" class=\"wp-image-7424\" srcset=\"https:\/\/www.ulkoilutankameraa.fi\/blog\/wp-content\/uploads\/2025\/02\/DSCF5228.jpg 1080w, https:\/\/www.ulkoilutankameraa.fi\/blog\/wp-content\/uploads\/2025\/02\/DSCF5228-325x217.jpg 325w, https:\/\/www.ulkoilutankameraa.fi\/blog\/wp-content\/uploads\/2025\/02\/DSCF5228-150x100.jpg 150w, https:\/\/www.ulkoilutankameraa.fi\/blog\/wp-content\/uploads\/2025\/02\/DSCF5228-904x603.jpg 904w\" sizes=\"auto, (max-width: 1080px) 100vw, 1080px\" \/><\/figure>\n\n\n\n<p><\/p>\n","protected":false},"excerpt":{"rendered":"<p>Silt\u00e4 t\u00e4m\u00e4 talvi tuntuu. Pelkk\u00e4\u00e4 harmaata ja kuravett\u00e4. Herkempi voisi vaikka masentua, mutta min\u00e4 \u00e4rsyynnyn. Harmaus on niin paksua, ettei siit\u00e4 tule mit\u00e4\u00e4n l\u00e4pi ja jos tulisi, niin maa imisi sen.<\/p>\n","protected":false},"author":1,"featured_media":0,"comment_status":"closed","ping_status":"open","sticky":false,"template":"","format":"standard","meta":{"footnotes":""},"categories":[1],"tags":[175,194,17],"class_list":["post-7426","post","type-post","status-publish","format-standard","hentry","category-uncategorized","tag-halikonlahti","tag-maisemakuvat","tag-salo","content-columns-1"],"_links":{"self":[{"href":"https:\/\/www.ulkoilutankameraa.fi\/blog\/index.php?rest_route=\/wp\/v2\/posts\/7426","targetHints":{"allow":["GET"]}}],"collection":[{"href":"https:\/\/www.ulkoilutankameraa.fi\/blog\/index.php?rest_route=\/wp\/v2\/posts"}],"about":[{"href":"https:\/\/www.ulkoilutankameraa.fi\/blog\/index.php?rest_route=\/wp\/v2\/types\/post"}],"author":[{"embeddable":true,"href":"https:\/\/www.ulkoilutankameraa.fi\/blog\/index.php?rest_route=\/wp\/v2\/users\/1"}],"replies":[{"embeddable":true,"href":"https:\/\/www.ulkoilutankameraa.fi\/blog\/index.php?rest_route=%2Fwp%2Fv2%2Fcomments&post=7426"}],"version-history":[{"count":1,"href":"https:\/\/www.ulkoilutankameraa.fi\/blog\/index.php?rest_route=\/wp\/v2\/posts\/7426\/revisions"}],"predecessor-version":[{"id":7427,"href":"https:\/\/www.ulkoilutankameraa.fi\/blog\/index.php?rest_route=\/wp\/v2\/posts\/7426\/revisions\/7427"}],"wp:attachment":[{"href":"https:\/\/www.ulkoilutankameraa.fi\/blog\/index.php?rest_route=%2Fwp%2Fv2%2Fmedia&parent=7426"}],"wp:term":[{"taxonomy":"category","embeddable":true,"href":"https:\/\/www.ulkoilutankameraa.fi\/blog\/index.php?rest_route=%2Fwp%2Fv2%2Fcategories&post=7426"},{"taxonomy":"post_tag","embeddable":true,"href":"https:\/\/www.ulkoilutankameraa.fi\/blog\/index.php?rest_route=%2Fwp%2Fv2%2Ftags&post=7426"}],"curies":[{"name":"wp","href":"https:\/\/api.w.org\/{rel}","templated":true}]}}