{"id":7432,"date":"2025-02-11T11:20:02","date_gmt":"2025-02-11T09:20:02","guid":{"rendered":"https:\/\/www.ulkoilutankameraa.fi\/blog\/?p=7432"},"modified":"2025-02-11T11:20:03","modified_gmt":"2025-02-11T09:20:03","slug":"olipa-kaunis-talvipaiva","status":"publish","type":"post","link":"https:\/\/www.ulkoilutankameraa.fi\/blog\/?p=7432","title":{"rendered":"Olipa kaunis talvip\u00e4iv\u00e4"},"content":{"rendered":"\n<p>Jotenkin tuolla tavalla loppui Lennu-nalle satukirjat. Positiivisesti, aina oli hyv\u00e4, kaunis tai jotain muuta p\u00e4iv\u00e4. Sellainen oli minullakin. P\u00e4iv\u00e4 paistoi pitk\u00e4st\u00e4 aikaa ja nautin siit\u00e4 melkein nelj\u00e4 tuntia k\u00e4vellen, py\u00f6r\u00e4illen ja paikalla seisten j\u00e4\u00e4n laulua kuunnellen.<\/p>\n\n\n\n<figure class=\"wp-block-image size-full\"><img loading=\"lazy\" decoding=\"async\" width=\"1080\" height=\"720\" src=\"https:\/\/www.ulkoilutankameraa.fi\/blog\/wp-content\/uploads\/2025\/02\/DSCF2502.jpg\" alt=\"\" class=\"wp-image-7429\" srcset=\"https:\/\/www.ulkoilutankameraa.fi\/blog\/wp-content\/uploads\/2025\/02\/DSCF2502.jpg 1080w, https:\/\/www.ulkoilutankameraa.fi\/blog\/wp-content\/uploads\/2025\/02\/DSCF2502-325x217.jpg 325w, https:\/\/www.ulkoilutankameraa.fi\/blog\/wp-content\/uploads\/2025\/02\/DSCF2502-150x100.jpg 150w, https:\/\/www.ulkoilutankameraa.fi\/blog\/wp-content\/uploads\/2025\/02\/DSCF2502-904x603.jpg 904w\" sizes=\"auto, (max-width: 1080px) 100vw, 1080px\" \/><\/figure>\n\n\n\n<figure class=\"wp-block-image size-full\"><img loading=\"lazy\" decoding=\"async\" width=\"1080\" height=\"720\" src=\"https:\/\/www.ulkoilutankameraa.fi\/blog\/wp-content\/uploads\/2025\/02\/DSCF2507.jpg\" alt=\"\" class=\"wp-image-7430\" srcset=\"https:\/\/www.ulkoilutankameraa.fi\/blog\/wp-content\/uploads\/2025\/02\/DSCF2507.jpg 1080w, https:\/\/www.ulkoilutankameraa.fi\/blog\/wp-content\/uploads\/2025\/02\/DSCF2507-325x217.jpg 325w, https:\/\/www.ulkoilutankameraa.fi\/blog\/wp-content\/uploads\/2025\/02\/DSCF2507-150x100.jpg 150w, https:\/\/www.ulkoilutankameraa.fi\/blog\/wp-content\/uploads\/2025\/02\/DSCF2507-904x603.jpg 904w\" sizes=\"auto, (max-width: 1080px) 100vw, 1080px\" \/><\/figure>\n\n\n\n<figure class=\"wp-block-image size-full\"><img loading=\"lazy\" decoding=\"async\" width=\"1080\" height=\"720\" src=\"https:\/\/www.ulkoilutankameraa.fi\/blog\/wp-content\/uploads\/2025\/02\/DSCF2514.jpg\" alt=\"\" class=\"wp-image-7431\" srcset=\"https:\/\/www.ulkoilutankameraa.fi\/blog\/wp-content\/uploads\/2025\/02\/DSCF2514.jpg 1080w, https:\/\/www.ulkoilutankameraa.fi\/blog\/wp-content\/uploads\/2025\/02\/DSCF2514-325x217.jpg 325w, https:\/\/www.ulkoilutankameraa.fi\/blog\/wp-content\/uploads\/2025\/02\/DSCF2514-150x100.jpg 150w, https:\/\/www.ulkoilutankameraa.fi\/blog\/wp-content\/uploads\/2025\/02\/DSCF2514-904x603.jpg 904w\" sizes=\"auto, (max-width: 1080px) 100vw, 1080px\" \/><\/figure>\n","protected":false},"excerpt":{"rendered":"<p>Jotenkin tuolla tavalla loppui Lennu-nalle satukirjat. Positiivisesti, aina oli hyv\u00e4, kaunis tai jotain muuta p\u00e4iv\u00e4. Sellainen oli minullakin. P\u00e4iv\u00e4 paistoi pitk\u00e4st\u00e4 aikaa ja nautin siit\u00e4 melkein nelj\u00e4 tuntia k\u00e4vellen, py\u00f6r\u00e4illen ja paikalla seisten j\u00e4\u00e4n laulua kuunnellen.<\/p>\n","protected":false},"author":1,"featured_media":0,"comment_status":"closed","ping_status":"open","sticky":false,"template":"","format":"standard","meta":{"footnotes":""},"categories":[1],"tags":[17,255,254],"class_list":["post-7432","post","type-post","status-publish","format-standard","hentry","category-uncategorized","tag-salo","tag-vuohensaari","tag-wiurilanlahti","content-columns-1"],"_links":{"self":[{"href":"https:\/\/www.ulkoilutankameraa.fi\/blog\/index.php?rest_route=\/wp\/v2\/posts\/7432","targetHints":{"allow":["GET"]}}],"collection":[{"href":"https:\/\/www.ulkoilutankameraa.fi\/blog\/index.php?rest_route=\/wp\/v2\/posts"}],"about":[{"href":"https:\/\/www.ulkoilutankameraa.fi\/blog\/index.php?rest_route=\/wp\/v2\/types\/post"}],"author":[{"embeddable":true,"href":"https:\/\/www.ulkoilutankameraa.fi\/blog\/index.php?rest_route=\/wp\/v2\/users\/1"}],"replies":[{"embeddable":true,"href":"https:\/\/www.ulkoilutankameraa.fi\/blog\/index.php?rest_route=%2Fwp%2Fv2%2Fcomments&post=7432"}],"version-history":[{"count":1,"href":"https:\/\/www.ulkoilutankameraa.fi\/blog\/index.php?rest_route=\/wp\/v2\/posts\/7432\/revisions"}],"predecessor-version":[{"id":7433,"href":"https:\/\/www.ulkoilutankameraa.fi\/blog\/index.php?rest_route=\/wp\/v2\/posts\/7432\/revisions\/7433"}],"wp:attachment":[{"href":"https:\/\/www.ulkoilutankameraa.fi\/blog\/index.php?rest_route=%2Fwp%2Fv2%2Fmedia&parent=7432"}],"wp:term":[{"taxonomy":"category","embeddable":true,"href":"https:\/\/www.ulkoilutankameraa.fi\/blog\/index.php?rest_route=%2Fwp%2Fv2%2Fcategories&post=7432"},{"taxonomy":"post_tag","embeddable":true,"href":"https:\/\/www.ulkoilutankameraa.fi\/blog\/index.php?rest_route=%2Fwp%2Fv2%2Ftags&post=7432"}],"curies":[{"name":"wp","href":"https:\/\/api.w.org\/{rel}","templated":true}]}}