{"id":7439,"date":"2025-02-15T11:11:21","date_gmt":"2025-02-15T09:11:21","guid":{"rendered":"https:\/\/www.ulkoilutankameraa.fi\/blog\/?p=7439"},"modified":"2025-02-15T11:11:22","modified_gmt":"2025-02-15T09:11:22","slug":"lunta-tulvii-taas-on-raikas","status":"publish","type":"post","link":"https:\/\/www.ulkoilutankameraa.fi\/blog\/?p=7439","title":{"rendered":"Lunta tulvii taas on raikas &#8230;"},"content":{"rendered":"\n<p>Joillekin raikas ja kylm\u00e4 ovat synonyymej\u00e4. Eiv\u00e4t ole. Kun pakkasta on -2 astetta ja se tuntuu -9 asteelta se ei ole raikas vaan kylm\u00e4. Lyhensin py\u00f6r\u00e4lenkki\u00e4 ja l\u00e4hdin puskemaan vastatuuleen kohti pohjoista. <\/p>\n\n\n\n<p>Ei talviseen maisemaan paljoa tarvitse lunta. Kymmenen milli\u00e4 riitt\u00e4\u00e4 kun se tulee meren j\u00e4\u00e4lle.<\/p>\n\n\n\n<figure class=\"wp-block-image size-full\"><img loading=\"lazy\" decoding=\"async\" width=\"1080\" height=\"810\" src=\"https:\/\/www.ulkoilutankameraa.fi\/blog\/wp-content\/uploads\/2025\/02\/PXL_20250213_111109178.jpg\" alt=\"\" class=\"wp-image-7438\" srcset=\"https:\/\/www.ulkoilutankameraa.fi\/blog\/wp-content\/uploads\/2025\/02\/PXL_20250213_111109178.jpg 1080w, https:\/\/www.ulkoilutankameraa.fi\/blog\/wp-content\/uploads\/2025\/02\/PXL_20250213_111109178-325x244.jpg 325w, https:\/\/www.ulkoilutankameraa.fi\/blog\/wp-content\/uploads\/2025\/02\/PXL_20250213_111109178-150x113.jpg 150w, https:\/\/www.ulkoilutankameraa.fi\/blog\/wp-content\/uploads\/2025\/02\/PXL_20250213_111109178-904x678.jpg 904w\" sizes=\"auto, (max-width: 1080px) 100vw, 1080px\" \/><\/figure>\n\n\n\n<p><\/p>\n","protected":false},"excerpt":{"rendered":"<p>Joillekin raikas ja kylm\u00e4 ovat synonyymej\u00e4. Eiv\u00e4t ole. Kun pakkasta on -2 astetta ja se tuntuu -9 asteelta se ei ole raikas vaan kylm\u00e4. Lyhensin py\u00f6r\u00e4lenkki\u00e4 ja l\u00e4hdin puskemaan vastatuuleen kohti pohjoista. Ei talviseen maisemaan paljoa tarvitse lunta. Kymmenen milli\u00e4 riitt\u00e4\u00e4 kun se tulee meren j\u00e4\u00e4lle.<\/p>\n","protected":false},"author":1,"featured_media":0,"comment_status":"closed","ping_status":"open","sticky":false,"template":"","format":"standard","meta":{"footnotes":""},"categories":[1],"tags":[194,17,241,254],"class_list":["post-7439","post","type-post","status-publish","format-standard","hentry","category-uncategorized","tag-maisemakuvat","tag-salo","tag-talvi","tag-wiurilanlahti","content-columns-1"],"_links":{"self":[{"href":"https:\/\/www.ulkoilutankameraa.fi\/blog\/index.php?rest_route=\/wp\/v2\/posts\/7439","targetHints":{"allow":["GET"]}}],"collection":[{"href":"https:\/\/www.ulkoilutankameraa.fi\/blog\/index.php?rest_route=\/wp\/v2\/posts"}],"about":[{"href":"https:\/\/www.ulkoilutankameraa.fi\/blog\/index.php?rest_route=\/wp\/v2\/types\/post"}],"author":[{"embeddable":true,"href":"https:\/\/www.ulkoilutankameraa.fi\/blog\/index.php?rest_route=\/wp\/v2\/users\/1"}],"replies":[{"embeddable":true,"href":"https:\/\/www.ulkoilutankameraa.fi\/blog\/index.php?rest_route=%2Fwp%2Fv2%2Fcomments&post=7439"}],"version-history":[{"count":1,"href":"https:\/\/www.ulkoilutankameraa.fi\/blog\/index.php?rest_route=\/wp\/v2\/posts\/7439\/revisions"}],"predecessor-version":[{"id":7440,"href":"https:\/\/www.ulkoilutankameraa.fi\/blog\/index.php?rest_route=\/wp\/v2\/posts\/7439\/revisions\/7440"}],"wp:attachment":[{"href":"https:\/\/www.ulkoilutankameraa.fi\/blog\/index.php?rest_route=%2Fwp%2Fv2%2Fmedia&parent=7439"}],"wp:term":[{"taxonomy":"category","embeddable":true,"href":"https:\/\/www.ulkoilutankameraa.fi\/blog\/index.php?rest_route=%2Fwp%2Fv2%2Fcategories&post=7439"},{"taxonomy":"post_tag","embeddable":true,"href":"https:\/\/www.ulkoilutankameraa.fi\/blog\/index.php?rest_route=%2Fwp%2Fv2%2Ftags&post=7439"}],"curies":[{"name":"wp","href":"https:\/\/api.w.org\/{rel}","templated":true}]}}