{"id":7445,"date":"2025-02-19T18:36:15","date_gmt":"2025-02-19T16:36:15","guid":{"rendered":"https:\/\/www.ulkoilutankameraa.fi\/blog\/?p=7445"},"modified":"2025-02-19T18:36:16","modified_gmt":"2025-02-19T16:36:16","slug":"aurinkoon","status":"publish","type":"post","link":"https:\/\/www.ulkoilutankameraa.fi\/blog\/?p=7445","title":{"rendered":"Aurinkoon"},"content":{"rendered":"\n<p>Aurinkoa riitt\u00e4nyt, mutta ulos menen vasta kun mittari n\u00e4ytt\u00e4\u00e4 alle viisi pakkasta celsiuksen asteikolla. Varmaan moni ihastelee ihania ulkoilus\u00e4it\u00e4, mutta on eri juttu py\u00f6r\u00e4ill\u00e4 tuolla pari tuntia ja v\u00e4lill\u00e4 seisoskella paikallaan lintulaudan \u00e4\u00e4ress\u00e4 ja kuljeskella varjoissa. Tulee vilu jalkoihin. Varsinkin kun jalat ovat mit\u00e4 ovat. Aina my\u00f6t\u00e4aurinkoisina p\u00e4ivin\u00e4 tuo mustakaapu ly\u00f6tt\u00e4ytyy seuraan. Fotobomberi pahinta laatua.<\/p>\n\n\n\n<p>Kuvan ulkopuolelta kerrottakoon, ett\u00e4 sen verran on pakastanut, ett\u00e4 ensimm\u00e4iset pilkkij\u00e4t ovat ilmestyneet. Ovat tuolla auringon puolella.<\/p>\n\n\n\n<figure class=\"wp-block-image size-full\"><img loading=\"lazy\" decoding=\"async\" width=\"864\" height=\"1080\" src=\"https:\/\/www.ulkoilutankameraa.fi\/blog\/wp-content\/uploads\/2025\/02\/PXL_20250219_131444628.jpg\" alt=\"\" class=\"wp-image-7444\" srcset=\"https:\/\/www.ulkoilutankameraa.fi\/blog\/wp-content\/uploads\/2025\/02\/PXL_20250219_131444628.jpg 864w, https:\/\/www.ulkoilutankameraa.fi\/blog\/wp-content\/uploads\/2025\/02\/PXL_20250219_131444628-325x406.jpg 325w, https:\/\/www.ulkoilutankameraa.fi\/blog\/wp-content\/uploads\/2025\/02\/PXL_20250219_131444628-120x150.jpg 120w, https:\/\/www.ulkoilutankameraa.fi\/blog\/wp-content\/uploads\/2025\/02\/PXL_20250219_131444628-723x904.jpg 723w\" sizes=\"auto, (max-width: 864px) 100vw, 864px\" \/><\/figure>\n","protected":false},"excerpt":{"rendered":"<p>Aurinkoa riitt\u00e4nyt, mutta ulos menen vasta kun mittari n\u00e4ytt\u00e4\u00e4 alle viisi pakkasta celsiuksen asteikolla. Varmaan moni ihastelee ihania ulkoilus\u00e4it\u00e4, mutta on eri juttu py\u00f6r\u00e4ill\u00e4 tuolla pari tuntia ja v\u00e4lill\u00e4 seisoskella paikallaan lintulaudan \u00e4\u00e4ress\u00e4 ja kuljeskella varjoissa. Tulee vilu jalkoihin. Varsinkin kun jalat ovat mit\u00e4 ovat. Aina my\u00f6t\u00e4aurinkoisina p\u00e4ivin\u00e4 tuo mustakaapu ly\u00f6tt\u00e4ytyy seuraan. Fotobomberi pahinta laatua. [&hellip;]<\/p>\n","protected":false},"author":1,"featured_media":0,"comment_status":"closed","ping_status":"open","sticky":false,"template":"","format":"standard","meta":{"footnotes":""},"categories":[1],"tags":[194,254],"class_list":["post-7445","post","type-post","status-publish","format-standard","hentry","category-uncategorized","tag-maisemakuvat","tag-wiurilanlahti","content-columns-1"],"_links":{"self":[{"href":"https:\/\/www.ulkoilutankameraa.fi\/blog\/index.php?rest_route=\/wp\/v2\/posts\/7445","targetHints":{"allow":["GET"]}}],"collection":[{"href":"https:\/\/www.ulkoilutankameraa.fi\/blog\/index.php?rest_route=\/wp\/v2\/posts"}],"about":[{"href":"https:\/\/www.ulkoilutankameraa.fi\/blog\/index.php?rest_route=\/wp\/v2\/types\/post"}],"author":[{"embeddable":true,"href":"https:\/\/www.ulkoilutankameraa.fi\/blog\/index.php?rest_route=\/wp\/v2\/users\/1"}],"replies":[{"embeddable":true,"href":"https:\/\/www.ulkoilutankameraa.fi\/blog\/index.php?rest_route=%2Fwp%2Fv2%2Fcomments&post=7445"}],"version-history":[{"count":1,"href":"https:\/\/www.ulkoilutankameraa.fi\/blog\/index.php?rest_route=\/wp\/v2\/posts\/7445\/revisions"}],"predecessor-version":[{"id":7446,"href":"https:\/\/www.ulkoilutankameraa.fi\/blog\/index.php?rest_route=\/wp\/v2\/posts\/7445\/revisions\/7446"}],"wp:attachment":[{"href":"https:\/\/www.ulkoilutankameraa.fi\/blog\/index.php?rest_route=%2Fwp%2Fv2%2Fmedia&parent=7445"}],"wp:term":[{"taxonomy":"category","embeddable":true,"href":"https:\/\/www.ulkoilutankameraa.fi\/blog\/index.php?rest_route=%2Fwp%2Fv2%2Fcategories&post=7445"},{"taxonomy":"post_tag","embeddable":true,"href":"https:\/\/www.ulkoilutankameraa.fi\/blog\/index.php?rest_route=%2Fwp%2Fv2%2Ftags&post=7445"}],"curies":[{"name":"wp","href":"https:\/\/api.w.org\/{rel}","templated":true}]}}