{"id":7483,"date":"2025-03-15T14:57:52","date_gmt":"2025-03-15T12:57:52","guid":{"rendered":"https:\/\/www.ulkoilutankameraa.fi\/blog\/?p=7483"},"modified":"2025-03-15T14:57:53","modified_gmt":"2025-03-15T12:57:53","slug":"pukeutumiskysymys","status":"publish","type":"post","link":"https:\/\/www.ulkoilutankameraa.fi\/blog\/?p=7483","title":{"rendered":"Pukeutumiskysymys"},"content":{"rendered":"\n<p>Ainakin minulla se on h\u00f6p\u00f6 h\u00f6p\u00f6\u00e4, ett\u00e4 kylm\u00e4st\u00e4 on turha valittaa &#8211; se on pukeutumiskysymys. Ennemmin kysymys on siit\u00e4, ett\u00e4 menee paikkoihin, joihin ei tuule. Halikonlahti ei ole sellainen. Muistan niit\u00e4 kertoja kun oli kylm\u00e4st\u00e4 paha olo, kun tuuli meni ik\u00e4\u00e4nkuin sis\u00e4lle. T\u00e4n\u00e4\u00e4n tuuli ja poistuin autosta sen verran, ett\u00e4 k\u00e4vin katsomassa mit\u00e4 hanhia tuossa uiskenteli. Mets\u00e4ss\u00e4 taas oli hyvinkin l\u00e4mmin.<\/p>\n\n\n\n<p>Jonkinlainen lupaus on, ett\u00e4 l\u00e4mpenev\u00e4\u00e4 kohti ollaan menossa.<\/p>\n\n\n\n<figure class=\"wp-block-image size-full\"><img loading=\"lazy\" decoding=\"async\" width=\"1080\" height=\"1080\" src=\"https:\/\/www.ulkoilutankameraa.fi\/blog\/wp-content\/uploads\/2025\/03\/DSCF5388.jpg\" alt=\"\" class=\"wp-image-7482\" srcset=\"https:\/\/www.ulkoilutankameraa.fi\/blog\/wp-content\/uploads\/2025\/03\/DSCF5388.jpg 1080w, https:\/\/www.ulkoilutankameraa.fi\/blog\/wp-content\/uploads\/2025\/03\/DSCF5388-325x325.jpg 325w, https:\/\/www.ulkoilutankameraa.fi\/blog\/wp-content\/uploads\/2025\/03\/DSCF5388-150x150.jpg 150w, https:\/\/www.ulkoilutankameraa.fi\/blog\/wp-content\/uploads\/2025\/03\/DSCF5388-904x904.jpg 904w\" sizes=\"auto, (max-width: 1080px) 100vw, 1080px\" \/><\/figure>\n","protected":false},"excerpt":{"rendered":"<p>Ainakin minulla se on h\u00f6p\u00f6 h\u00f6p\u00f6\u00e4, ett\u00e4 kylm\u00e4st\u00e4 on turha valittaa &#8211; se on pukeutumiskysymys. Ennemmin kysymys on siit\u00e4, ett\u00e4 menee paikkoihin, joihin ei tuule. Halikonlahti ei ole sellainen. Muistan niit\u00e4 kertoja kun oli kylm\u00e4st\u00e4 paha olo, kun tuuli meni ik\u00e4\u00e4nkuin sis\u00e4lle. T\u00e4n\u00e4\u00e4n tuuli ja poistuin autosta sen verran, ett\u00e4 k\u00e4vin katsomassa mit\u00e4 hanhia tuossa [&hellip;]<\/p>\n","protected":false},"author":1,"featured_media":0,"comment_status":"closed","ping_status":"open","sticky":false,"template":"","format":"standard","meta":{"footnotes":""},"categories":[1],"tags":[46],"class_list":["post-7483","post","type-post","status-publish","format-standard","hentry","category-uncategorized","tag-linnut","content-columns-1"],"_links":{"self":[{"href":"https:\/\/www.ulkoilutankameraa.fi\/blog\/index.php?rest_route=\/wp\/v2\/posts\/7483","targetHints":{"allow":["GET"]}}],"collection":[{"href":"https:\/\/www.ulkoilutankameraa.fi\/blog\/index.php?rest_route=\/wp\/v2\/posts"}],"about":[{"href":"https:\/\/www.ulkoilutankameraa.fi\/blog\/index.php?rest_route=\/wp\/v2\/types\/post"}],"author":[{"embeddable":true,"href":"https:\/\/www.ulkoilutankameraa.fi\/blog\/index.php?rest_route=\/wp\/v2\/users\/1"}],"replies":[{"embeddable":true,"href":"https:\/\/www.ulkoilutankameraa.fi\/blog\/index.php?rest_route=%2Fwp%2Fv2%2Fcomments&post=7483"}],"version-history":[{"count":1,"href":"https:\/\/www.ulkoilutankameraa.fi\/blog\/index.php?rest_route=\/wp\/v2\/posts\/7483\/revisions"}],"predecessor-version":[{"id":7484,"href":"https:\/\/www.ulkoilutankameraa.fi\/blog\/index.php?rest_route=\/wp\/v2\/posts\/7483\/revisions\/7484"}],"wp:attachment":[{"href":"https:\/\/www.ulkoilutankameraa.fi\/blog\/index.php?rest_route=%2Fwp%2Fv2%2Fmedia&parent=7483"}],"wp:term":[{"taxonomy":"category","embeddable":true,"href":"https:\/\/www.ulkoilutankameraa.fi\/blog\/index.php?rest_route=%2Fwp%2Fv2%2Fcategories&post=7483"},{"taxonomy":"post_tag","embeddable":true,"href":"https:\/\/www.ulkoilutankameraa.fi\/blog\/index.php?rest_route=%2Fwp%2Fv2%2Ftags&post=7483"}],"curies":[{"name":"wp","href":"https:\/\/api.w.org\/{rel}","templated":true}]}}