{"id":7491,"date":"2025-03-27T17:49:36","date_gmt":"2025-03-27T15:49:36","guid":{"rendered":"https:\/\/www.ulkoilutankameraa.fi\/blog\/?p=7491"},"modified":"2025-03-27T17:49:37","modified_gmt":"2025-03-27T15:49:37","slug":"siita-se-ajatus-sitten-lahti","status":"publish","type":"post","link":"https:\/\/www.ulkoilutankameraa.fi\/blog\/?p=7491","title":{"rendered":"Siit\u00e4 se ajatus sitten l\u00e4hti"},"content":{"rendered":"\n<p>Ajatteli varmaan Thor Heyerdahl kun n\u00e4ki kaislarannan ja raknesi kaislaveneen. Ei vaan, balsasta teki. Katri-Helena kyll\u00e4 teki kappaleen katson autiota kaislarantaa, mutta sit\u00e4 ei levytetty. <\/p>\n\n\n\n<p>Viime vuonna tein hy\u00f6nteishotellin ja n\u00e4ilt\u00e4kin rannoilta hain korsia. Ei n\u00e4iden l\u00f6yt\u00e4mist\u00e4 hyv\u00e4kuntoisina ihan itsest\u00e4\u00e4n selv\u00e4n\u00e4 asiana kannata pit\u00e4\u00e4 kun kes\u00e4t\u00e4st\u00e4 alkaa ja etenee. <\/p>\n\n\n\n<figure class=\"wp-block-image size-full\"><img loading=\"lazy\" decoding=\"async\" width=\"864\" height=\"1080\" src=\"https:\/\/www.ulkoilutankameraa.fi\/blog\/wp-content\/uploads\/2025\/03\/PXL_20250327_110801023.jpg\" alt=\"\" class=\"wp-image-7490\" srcset=\"https:\/\/www.ulkoilutankameraa.fi\/blog\/wp-content\/uploads\/2025\/03\/PXL_20250327_110801023.jpg 864w, https:\/\/www.ulkoilutankameraa.fi\/blog\/wp-content\/uploads\/2025\/03\/PXL_20250327_110801023-325x406.jpg 325w, https:\/\/www.ulkoilutankameraa.fi\/blog\/wp-content\/uploads\/2025\/03\/PXL_20250327_110801023-120x150.jpg 120w, https:\/\/www.ulkoilutankameraa.fi\/blog\/wp-content\/uploads\/2025\/03\/PXL_20250327_110801023-723x904.jpg 723w\" sizes=\"auto, (max-width: 864px) 100vw, 864px\" \/><\/figure>\n","protected":false},"excerpt":{"rendered":"<p>Ajatteli varmaan Thor Heyerdahl kun n\u00e4ki kaislarannan ja raknesi kaislaveneen. Ei vaan, balsasta teki. Katri-Helena kyll\u00e4 teki kappaleen katson autiota kaislarantaa, mutta sit\u00e4 ei levytetty. Viime vuonna tein hy\u00f6nteishotellin ja n\u00e4ilt\u00e4kin rannoilta hain korsia. Ei n\u00e4iden l\u00f6yt\u00e4mist\u00e4 hyv\u00e4kuntoisina ihan itsest\u00e4\u00e4n selv\u00e4n\u00e4 asiana kannata pit\u00e4\u00e4 kun kes\u00e4t\u00e4st\u00e4 alkaa ja etenee.<\/p>\n","protected":false},"author":1,"featured_media":0,"comment_status":"closed","ping_status":"open","sticky":false,"template":"","format":"standard","meta":{"footnotes":""},"categories":[1],"tags":[194,114,17,255],"class_list":["post-7491","post","type-post","status-publish","format-standard","hentry","category-uncategorized","tag-maisemakuvat","tag-meri","tag-salo","tag-vuohensaari","content-columns-1"],"_links":{"self":[{"href":"https:\/\/www.ulkoilutankameraa.fi\/blog\/index.php?rest_route=\/wp\/v2\/posts\/7491","targetHints":{"allow":["GET"]}}],"collection":[{"href":"https:\/\/www.ulkoilutankameraa.fi\/blog\/index.php?rest_route=\/wp\/v2\/posts"}],"about":[{"href":"https:\/\/www.ulkoilutankameraa.fi\/blog\/index.php?rest_route=\/wp\/v2\/types\/post"}],"author":[{"embeddable":true,"href":"https:\/\/www.ulkoilutankameraa.fi\/blog\/index.php?rest_route=\/wp\/v2\/users\/1"}],"replies":[{"embeddable":true,"href":"https:\/\/www.ulkoilutankameraa.fi\/blog\/index.php?rest_route=%2Fwp%2Fv2%2Fcomments&post=7491"}],"version-history":[{"count":1,"href":"https:\/\/www.ulkoilutankameraa.fi\/blog\/index.php?rest_route=\/wp\/v2\/posts\/7491\/revisions"}],"predecessor-version":[{"id":7492,"href":"https:\/\/www.ulkoilutankameraa.fi\/blog\/index.php?rest_route=\/wp\/v2\/posts\/7491\/revisions\/7492"}],"wp:attachment":[{"href":"https:\/\/www.ulkoilutankameraa.fi\/blog\/index.php?rest_route=%2Fwp%2Fv2%2Fmedia&parent=7491"}],"wp:term":[{"taxonomy":"category","embeddable":true,"href":"https:\/\/www.ulkoilutankameraa.fi\/blog\/index.php?rest_route=%2Fwp%2Fv2%2Fcategories&post=7491"},{"taxonomy":"post_tag","embeddable":true,"href":"https:\/\/www.ulkoilutankameraa.fi\/blog\/index.php?rest_route=%2Fwp%2Fv2%2Ftags&post=7491"}],"curies":[{"name":"wp","href":"https:\/\/api.w.org\/{rel}","templated":true}]}}