{"id":7532,"date":"2025-04-30T14:44:31","date_gmt":"2025-04-30T11:44:31","guid":{"rendered":"https:\/\/www.ulkoilutankameraa.fi\/blog\/?p=7532"},"modified":"2025-04-30T14:44:31","modified_gmt":"2025-04-30T11:44:31","slug":"kymeen-kierros","status":"publish","type":"post","link":"https:\/\/www.ulkoilutankameraa.fi\/blog\/?p=7532","title":{"rendered":"Kymeen kierros"},"content":{"rendered":"\n<p>Matka vei Kouvolaan ja eteenp\u00e4in. Ei nyt varsinaisesti kierros vaan sinne ja takaisin. Ensin Kouvolaan. J\u00e4tet\u00e4\u00e4n ne betonikolossivitsit t\u00e4ll\u00e4kin kertaa kertomatta. En ole viel\u00e4 p\u00e4\u00e4ssyt perille, mist\u00e4 ne juontavat. Kulttuuri- ja kyl\u00e4reissulla ollaan ja kaupunki otetaan sellaisena kuin se meille tarjotaan.<\/p>\n\n\n\n<p>Kaupungin taidemuseossa oli lainassa teoksia Viipurin taiteenyst\u00e4vien kokoelmista. Kassalla er\u00e4s asiakas tuli katsomaan sit\u00e4 n\u00e4yttely\u00e4, miss\u00e4 on niit\u00e4 oikeita tauluja. Niit\u00e4h\u00e4n n\u00e4m\u00e4 olivat. Kes\u00e4isi\u00e4 kuvia. Maisemat trendaa. Yl\u00e4kerran kinossa oli Pink Twins, The Transient 2023. J\u00e4lleen yksi video, jonka jaksoin katsoa alusta loppuun. Hienosti tehty, v\u00e4ri\u00e4 ja tapahtumia riitti ja hyv\u00e4 musiikki. <\/p>\n\n\n\n<p>Varmaan arviostani huomaa, ett\u00e4 olen vain katsellut enk\u00e4 tehnyt muistiinpanoja.<\/p>\n\n\n\n<figure class=\"wp-block-image size-full\"><img loading=\"lazy\" decoding=\"async\" width=\"1080\" height=\"468\" src=\"https:\/\/www.ulkoilutankameraa.fi\/blog\/wp-content\/uploads\/2025\/04\/PXL_20250425_091217084.PANO_.jpg\" alt=\"\" class=\"wp-image-7529\" srcset=\"https:\/\/www.ulkoilutankameraa.fi\/blog\/wp-content\/uploads\/2025\/04\/PXL_20250425_091217084.PANO_.jpg 1080w, https:\/\/www.ulkoilutankameraa.fi\/blog\/wp-content\/uploads\/2025\/04\/PXL_20250425_091217084.PANO_-325x141.jpg 325w, https:\/\/www.ulkoilutankameraa.fi\/blog\/wp-content\/uploads\/2025\/04\/PXL_20250425_091217084.PANO_-150x65.jpg 150w, https:\/\/www.ulkoilutankameraa.fi\/blog\/wp-content\/uploads\/2025\/04\/PXL_20250425_091217084.PANO_-904x392.jpg 904w\" sizes=\"auto, (max-width: 1080px) 100vw, 1080px\" \/><\/figure>\n\n\n\n<figure class=\"wp-block-image size-full\"><img loading=\"lazy\" decoding=\"async\" width=\"813\" height=\"1080\" src=\"https:\/\/www.ulkoilutankameraa.fi\/blog\/wp-content\/uploads\/2025\/04\/PXL_20250425_090411164.jpg\" alt=\"\" class=\"wp-image-7530\" srcset=\"https:\/\/www.ulkoilutankameraa.fi\/blog\/wp-content\/uploads\/2025\/04\/PXL_20250425_090411164.jpg 813w, https:\/\/www.ulkoilutankameraa.fi\/blog\/wp-content\/uploads\/2025\/04\/PXL_20250425_090411164-325x432.jpg 325w, https:\/\/www.ulkoilutankameraa.fi\/blog\/wp-content\/uploads\/2025\/04\/PXL_20250425_090411164-113x150.jpg 113w, https:\/\/www.ulkoilutankameraa.fi\/blog\/wp-content\/uploads\/2025\/04\/PXL_20250425_090411164-681x904.jpg 681w\" sizes=\"auto, (max-width: 813px) 100vw, 813px\" \/><\/figure>\n\n\n\n<p>Siirryt\u00e4\u00e4n reklamaatio-osastolle. Is\u00e4ni ei ollut lasimestari, l\u00e4vitseni ei kulje valo. T\u00e4\u00e4ll\u00e4 ja ainakin Turussa on t\u00e4m\u00e4 tauti. T\u00e4m\u00e4kin ty\u00f6, hieno akvarelli (lapussa taisi kyll\u00e4 lukea vesiv\u00e4ri) jota haluaisin katsoa l\u00e4hemp\u00e4\u00e4, koska en sit\u00e4 kaukaa n\u00e4e, muuttuu sit\u00e4 mustemmaksi, mit\u00e4 l\u00e4hemm\u00e4ksi menen. Ymm\u00e4rr\u00e4n kyll\u00e4 jotenkin, ett\u00e4 ikkunattomassa matalassa tilassa on pime\u00e4\u00e4 ja kun laittaa valoja, niin tulee varjoja. Eik\u00f6  tosiaan ole muuta ratkaisua kuin laittaa spotteja. Oma kehu ei haiskahda yht\u00e4\u00e4n kun sanon, ett\u00e4 Salon taidemuseo Veturitallissa t\u00e4m\u00e4 on hanskattu paremmin &#8211; vaikka ei olekaan minun suunnittelema valaistus.<\/p>\n\n\n\n<figure class=\"wp-block-image size-full\"><img loading=\"lazy\" decoding=\"async\" width=\"813\" height=\"1080\" src=\"https:\/\/www.ulkoilutankameraa.fi\/blog\/wp-content\/uploads\/2025\/04\/PXL_20250425_084504031.jpg\" alt=\"\" class=\"wp-image-7531\" srcset=\"https:\/\/www.ulkoilutankameraa.fi\/blog\/wp-content\/uploads\/2025\/04\/PXL_20250425_084504031.jpg 813w, https:\/\/www.ulkoilutankameraa.fi\/blog\/wp-content\/uploads\/2025\/04\/PXL_20250425_084504031-325x432.jpg 325w, https:\/\/www.ulkoilutankameraa.fi\/blog\/wp-content\/uploads\/2025\/04\/PXL_20250425_084504031-113x150.jpg 113w, https:\/\/www.ulkoilutankameraa.fi\/blog\/wp-content\/uploads\/2025\/04\/PXL_20250425_084504031-681x904.jpg 681w\" sizes=\"auto, (max-width: 813px) 100vw, 813px\" \/><\/figure>\n\n\n\n<p>Arkkitehtuurikierros suoritettiin Alvar Aallon hengess\u00e4. Kuvassa Aallon suunnittelema kasarmialueen portti. Pylv\u00e4\u00e4t erottuvat hyvin, portit huonommin.<\/p>\n\n\n\n<figure class=\"wp-block-image size-full\"><img loading=\"lazy\" decoding=\"async\" width=\"813\" height=\"1080\" src=\"https:\/\/www.ulkoilutankameraa.fi\/blog\/wp-content\/uploads\/2025\/04\/PXL_20250425_120754086.LONG_EXPOSURE-01.COVER_.jpg\" alt=\"\" class=\"wp-image-7526\" srcset=\"https:\/\/www.ulkoilutankameraa.fi\/blog\/wp-content\/uploads\/2025\/04\/PXL_20250425_120754086.LONG_EXPOSURE-01.COVER_.jpg 813w, https:\/\/www.ulkoilutankameraa.fi\/blog\/wp-content\/uploads\/2025\/04\/PXL_20250425_120754086.LONG_EXPOSURE-01.COVER_-325x432.jpg 325w, https:\/\/www.ulkoilutankameraa.fi\/blog\/wp-content\/uploads\/2025\/04\/PXL_20250425_120754086.LONG_EXPOSURE-01.COVER_-113x150.jpg 113w, https:\/\/www.ulkoilutankameraa.fi\/blog\/wp-content\/uploads\/2025\/04\/PXL_20250425_120754086.LONG_EXPOSURE-01.COVER_-681x904.jpg 681w\" sizes=\"auto, (max-width: 813px) 100vw, 813px\" \/><\/figure>\n\n\n\n<p>Kaupungilla huomio kiinnittyi eroon Salon ja Kouvolan v\u00e4lill\u00e4. Monessa tolpassa ja p\u00f6mpeliss\u00e4 oli el\u00e4inten oikeuksiin liittyvi\u00e4 plakaatteja, graffiteissa oli poliittisia kannanottoja, kuten sy\u00f6 tofua ja Gaza sek\u00e4 Free Palestine. Salossa en muista omalla kulkureitill\u00e4ni n\u00e4hneeni ainoatakaan vastaavaa, enk\u00e4 loppujen t\u00e4gej\u00e4 ja muita maalauksia juuri muutenkaan. Pit\u00e4\u00e4k\u00f6 olla huolissaan? <\/p>\n\n\n\n<figure class=\"wp-block-image size-full\"><img loading=\"lazy\" decoding=\"async\" width=\"813\" height=\"1080\" src=\"https:\/\/www.ulkoilutankameraa.fi\/blog\/wp-content\/uploads\/2025\/04\/PXL_20250425_112243094.jpg\" alt=\"\" class=\"wp-image-7527\" srcset=\"https:\/\/www.ulkoilutankameraa.fi\/blog\/wp-content\/uploads\/2025\/04\/PXL_20250425_112243094.jpg 813w, https:\/\/www.ulkoilutankameraa.fi\/blog\/wp-content\/uploads\/2025\/04\/PXL_20250425_112243094-325x432.jpg 325w, https:\/\/www.ulkoilutankameraa.fi\/blog\/wp-content\/uploads\/2025\/04\/PXL_20250425_112243094-113x150.jpg 113w, https:\/\/www.ulkoilutankameraa.fi\/blog\/wp-content\/uploads\/2025\/04\/PXL_20250425_112243094-681x904.jpg 681w\" sizes=\"auto, (max-width: 813px) 100vw, 813px\" \/><\/figure>\n\n\n\n<p>Loppukevennyksen\u00e4 painorajoitus. Melkoista kehorauhan rikkomista jos joku tulee huomauttelemaan, ett\u00e4 herra on tainnut nauttia hieman liikaa, t\u00e4ll\u00e4 kadulla on 5000 kilon painorajoitus. Saattaa olla, ett\u00e4 tuolla rajoitetaan kokoontumisia. Jalkak\u00e4yt\u00e4v\u00e4ll\u00e4 voi olla yht\u00e4 aikaa vappumarssilla 32 keskim\u00e4\u00e4r\u00e4ist\u00e4 naista ja miest\u00e4, miinus liput ja lipputangot.<\/p>\n\n\n\n<figure class=\"wp-block-image size-full\"><img loading=\"lazy\" decoding=\"async\" width=\"813\" height=\"1080\" src=\"https:\/\/www.ulkoilutankameraa.fi\/blog\/wp-content\/uploads\/2025\/04\/PXL_20250425_104333006.jpg\" alt=\"\" class=\"wp-image-7528\" srcset=\"https:\/\/www.ulkoilutankameraa.fi\/blog\/wp-content\/uploads\/2025\/04\/PXL_20250425_104333006.jpg 813w, https:\/\/www.ulkoilutankameraa.fi\/blog\/wp-content\/uploads\/2025\/04\/PXL_20250425_104333006-325x432.jpg 325w, https:\/\/www.ulkoilutankameraa.fi\/blog\/wp-content\/uploads\/2025\/04\/PXL_20250425_104333006-113x150.jpg 113w, https:\/\/www.ulkoilutankameraa.fi\/blog\/wp-content\/uploads\/2025\/04\/PXL_20250425_104333006-681x904.jpg 681w\" sizes=\"auto, (max-width: 813px) 100vw, 813px\" \/><\/figure>\n\n\n\n<p>(Nimimerkki ULeF oli n\u00e4k\u00f6j\u00e4\u00e4n k\u00e4ynyt t\u00e4\u00e4ll\u00e4kin.)<\/p>\n","protected":false},"excerpt":{"rendered":"<p>Matka vei Kouvolaan ja eteenp\u00e4in. Ei nyt varsinaisesti kierros vaan sinne ja takaisin. Ensin Kouvolaan. J\u00e4tet\u00e4\u00e4n ne betonikolossivitsit t\u00e4ll\u00e4kin kertaa kertomatta. En ole viel\u00e4 p\u00e4\u00e4ssyt perille, mist\u00e4 ne juontavat. Kulttuuri- ja kyl\u00e4reissulla ollaan ja kaupunki otetaan sellaisena kuin se meille tarjotaan. Kaupungin taidemuseossa oli lainassa teoksia Viipurin taiteenyst\u00e4vien kokoelmista. Kassalla er\u00e4s asiakas tuli katsomaan sit\u00e4 [&hellip;]<\/p>\n","protected":false},"author":1,"featured_media":0,"comment_status":"closed","ping_status":"open","sticky":false,"template":"","format":"standard","meta":{"footnotes":""},"categories":[1],"tags":[59,245],"class_list":["post-7532","post","type-post","status-publish","format-standard","hentry","category-uncategorized","tag-kaupunkimaisemat","tag-kouvola","content-columns-1"],"_links":{"self":[{"href":"https:\/\/www.ulkoilutankameraa.fi\/blog\/index.php?rest_route=\/wp\/v2\/posts\/7532","targetHints":{"allow":["GET"]}}],"collection":[{"href":"https:\/\/www.ulkoilutankameraa.fi\/blog\/index.php?rest_route=\/wp\/v2\/posts"}],"about":[{"href":"https:\/\/www.ulkoilutankameraa.fi\/blog\/index.php?rest_route=\/wp\/v2\/types\/post"}],"author":[{"embeddable":true,"href":"https:\/\/www.ulkoilutankameraa.fi\/blog\/index.php?rest_route=\/wp\/v2\/users\/1"}],"replies":[{"embeddable":true,"href":"https:\/\/www.ulkoilutankameraa.fi\/blog\/index.php?rest_route=%2Fwp%2Fv2%2Fcomments&post=7532"}],"version-history":[{"count":1,"href":"https:\/\/www.ulkoilutankameraa.fi\/blog\/index.php?rest_route=\/wp\/v2\/posts\/7532\/revisions"}],"predecessor-version":[{"id":7533,"href":"https:\/\/www.ulkoilutankameraa.fi\/blog\/index.php?rest_route=\/wp\/v2\/posts\/7532\/revisions\/7533"}],"wp:attachment":[{"href":"https:\/\/www.ulkoilutankameraa.fi\/blog\/index.php?rest_route=%2Fwp%2Fv2%2Fmedia&parent=7532"}],"wp:term":[{"taxonomy":"category","embeddable":true,"href":"https:\/\/www.ulkoilutankameraa.fi\/blog\/index.php?rest_route=%2Fwp%2Fv2%2Fcategories&post=7532"},{"taxonomy":"post_tag","embeddable":true,"href":"https:\/\/www.ulkoilutankameraa.fi\/blog\/index.php?rest_route=%2Fwp%2Fv2%2Ftags&post=7532"}],"curies":[{"name":"wp","href":"https:\/\/api.w.org\/{rel}","templated":true}]}}