{"id":7547,"date":"2025-05-03T17:41:48","date_gmt":"2025-05-03T14:41:48","guid":{"rendered":"https:\/\/www.ulkoilutankameraa.fi\/blog\/?p=7547"},"modified":"2025-05-02T17:48:43","modified_gmt":"2025-05-02T14:48:43","slug":"vappumarssi-hamarille","status":"publish","type":"post","link":"https:\/\/www.ulkoilutankameraa.fi\/blog\/?p=7547","title":{"rendered":"Vappumarssi Hamarille"},"content":{"rendered":"\n<p>Bandetrollit liehusiva ja laulu raikuiva kun Hamarilla marssimme Vapun p\u00e4iv\u00e4n\u00e4. Vaihtelevaa s\u00e4\u00e4t\u00e4 oli v\u00e4elle tarjolla &#8211; kylm\u00e4\u00e4 tuulta, aurinkoa ja yksi sadekuuro. Kurkia, kuovia, kanadanhanhia, yksi mehil\u00e4ishaukkaep\u00e4ily, lokei, v\u00e4st\u00e4r\u00e4kei ja haarap\u00e4\u00e4skyj\u00e4. Suokukka oli kauniisti kukassa.<\/p>\n\n\n\n<p>Sortajia ei n\u00e4kynyt. No yksi Kok.-poliitikko tuli vastaan.<\/p>\n\n\n\n<figure class=\"wp-block-image size-full\"><img loading=\"lazy\" decoding=\"async\" width=\"1080\" height=\"813\" src=\"https:\/\/www.ulkoilutankameraa.fi\/blog\/wp-content\/uploads\/2025\/05\/PXL_20250501_103202629.jpg\" alt=\"\" class=\"wp-image-7545\" srcset=\"https:\/\/www.ulkoilutankameraa.fi\/blog\/wp-content\/uploads\/2025\/05\/PXL_20250501_103202629.jpg 1080w, https:\/\/www.ulkoilutankameraa.fi\/blog\/wp-content\/uploads\/2025\/05\/PXL_20250501_103202629-325x245.jpg 325w, https:\/\/www.ulkoilutankameraa.fi\/blog\/wp-content\/uploads\/2025\/05\/PXL_20250501_103202629-150x113.jpg 150w, https:\/\/www.ulkoilutankameraa.fi\/blog\/wp-content\/uploads\/2025\/05\/PXL_20250501_103202629-904x681.jpg 904w\" sizes=\"auto, (max-width: 1080px) 100vw, 1080px\" \/><\/figure>\n\n\n\n<figure class=\"wp-block-image size-full\"><img loading=\"lazy\" decoding=\"async\" width=\"864\" height=\"1080\" src=\"https:\/\/www.ulkoilutankameraa.fi\/blog\/wp-content\/uploads\/2025\/05\/DSCF2612.jpg\" alt=\"\" class=\"wp-image-7544\" srcset=\"https:\/\/www.ulkoilutankameraa.fi\/blog\/wp-content\/uploads\/2025\/05\/DSCF2612.jpg 864w, https:\/\/www.ulkoilutankameraa.fi\/blog\/wp-content\/uploads\/2025\/05\/DSCF2612-325x406.jpg 325w, https:\/\/www.ulkoilutankameraa.fi\/blog\/wp-content\/uploads\/2025\/05\/DSCF2612-120x150.jpg 120w, https:\/\/www.ulkoilutankameraa.fi\/blog\/wp-content\/uploads\/2025\/05\/DSCF2612-723x904.jpg 723w\" sizes=\"auto, (max-width: 864px) 100vw, 864px\" \/><\/figure>\n\n\n\n<figure class=\"wp-block-image size-full\"><img loading=\"lazy\" decoding=\"async\" width=\"864\" height=\"1080\" src=\"https:\/\/www.ulkoilutankameraa.fi\/blog\/wp-content\/uploads\/2025\/05\/PXL_20250501_093633751.jpg\" alt=\"\" class=\"wp-image-7546\" srcset=\"https:\/\/www.ulkoilutankameraa.fi\/blog\/wp-content\/uploads\/2025\/05\/PXL_20250501_093633751.jpg 864w, https:\/\/www.ulkoilutankameraa.fi\/blog\/wp-content\/uploads\/2025\/05\/PXL_20250501_093633751-325x406.jpg 325w, https:\/\/www.ulkoilutankameraa.fi\/blog\/wp-content\/uploads\/2025\/05\/PXL_20250501_093633751-120x150.jpg 120w, https:\/\/www.ulkoilutankameraa.fi\/blog\/wp-content\/uploads\/2025\/05\/PXL_20250501_093633751-723x904.jpg 723w\" sizes=\"auto, (max-width: 864px) 100vw, 864px\" \/><\/figure>\n","protected":false},"excerpt":{"rendered":"<p>Bandetrollit liehusiva ja laulu raikuiva kun Hamarilla marssimme Vapun p\u00e4iv\u00e4n\u00e4. Vaihtelevaa s\u00e4\u00e4t\u00e4 oli v\u00e4elle tarjolla &#8211; kylm\u00e4\u00e4 tuulta, aurinkoa ja yksi sadekuuro. Kurkia, kuovia, kanadanhanhia, yksi mehil\u00e4ishaukkaep\u00e4ily, lokei, v\u00e4st\u00e4r\u00e4kei ja haarap\u00e4\u00e4skyj\u00e4. Suokukka oli kauniisti kukassa. Sortajia ei n\u00e4kynyt. No yksi Kok.-poliitikko tuli vastaan.<\/p>\n","protected":false},"author":1,"featured_media":0,"comment_status":"closed","ping_status":"open","sticky":false,"template":"","format":"standard","meta":{"footnotes":""},"categories":[1],"tags":[229,194,212,41],"class_list":["post-7547","post","type-post","status-publish","format-standard","hentry","category-uncategorized","tag-hamarijarvi","tag-maisemakuvat","tag-suo","tag-teijo","content-columns-1"],"_links":{"self":[{"href":"https:\/\/www.ulkoilutankameraa.fi\/blog\/index.php?rest_route=\/wp\/v2\/posts\/7547","targetHints":{"allow":["GET"]}}],"collection":[{"href":"https:\/\/www.ulkoilutankameraa.fi\/blog\/index.php?rest_route=\/wp\/v2\/posts"}],"about":[{"href":"https:\/\/www.ulkoilutankameraa.fi\/blog\/index.php?rest_route=\/wp\/v2\/types\/post"}],"author":[{"embeddable":true,"href":"https:\/\/www.ulkoilutankameraa.fi\/blog\/index.php?rest_route=\/wp\/v2\/users\/1"}],"replies":[{"embeddable":true,"href":"https:\/\/www.ulkoilutankameraa.fi\/blog\/index.php?rest_route=%2Fwp%2Fv2%2Fcomments&post=7547"}],"version-history":[{"count":1,"href":"https:\/\/www.ulkoilutankameraa.fi\/blog\/index.php?rest_route=\/wp\/v2\/posts\/7547\/revisions"}],"predecessor-version":[{"id":7548,"href":"https:\/\/www.ulkoilutankameraa.fi\/blog\/index.php?rest_route=\/wp\/v2\/posts\/7547\/revisions\/7548"}],"wp:attachment":[{"href":"https:\/\/www.ulkoilutankameraa.fi\/blog\/index.php?rest_route=%2Fwp%2Fv2%2Fmedia&parent=7547"}],"wp:term":[{"taxonomy":"category","embeddable":true,"href":"https:\/\/www.ulkoilutankameraa.fi\/blog\/index.php?rest_route=%2Fwp%2Fv2%2Fcategories&post=7547"},{"taxonomy":"post_tag","embeddable":true,"href":"https:\/\/www.ulkoilutankameraa.fi\/blog\/index.php?rest_route=%2Fwp%2Fv2%2Ftags&post=7547"}],"curies":[{"name":"wp","href":"https:\/\/api.w.org\/{rel}","templated":true}]}}