{"id":7566,"date":"2025-05-13T11:01:56","date_gmt":"2025-05-13T08:01:56","guid":{"rendered":"https:\/\/www.ulkoilutankameraa.fi\/blog\/?p=7566"},"modified":"2025-05-12T11:07:01","modified_gmt":"2025-05-12T08:07:01","slug":"kevatkoivikko-3","status":"publish","type":"post","link":"https:\/\/www.ulkoilutankameraa.fi\/blog\/?p=7566","title":{"rendered":"Kev\u00e4tkoivikko"},"content":{"rendered":"\n<p>T\u00e4llainen se on alta, p\u00e4\u00e4lt\u00e4 ja sis\u00e4lt\u00e4. Sanoisin, ett\u00e4 v\u00e4h\u00e4n on viherrys viiv\u00e4stynyt. V\u00e4ri on hyv\u00e4, mutta lehdet viel\u00e4 aika pieni\u00e4. Muutama l\u00e4mmin p\u00e4iv\u00e4, niin sitten r\u00e4j\u00e4ht\u00e4\u00e4.<\/p>\n\n\n\n<p>Alemmaskin olisi voinut dronella menn\u00e4, mutta en osannut arvioida dronen korkeutta suhteessa kaikkiin puihin. Koivikon. Olisi voinut ottaa kaikki kuvat my\u00f6s samasta paikasta ja huomioida my\u00f6s valon suunnan. Se olisi ollut jo taidetta eik\u00e4 biologiaa.<\/p>\n\n\n\n<figure class=\"wp-block-image size-full\"><img loading=\"lazy\" decoding=\"async\" width=\"864\" height=\"1080\" src=\"https:\/\/www.ulkoilutankameraa.fi\/blog\/wp-content\/uploads\/2025\/05\/PXL_20250511_105853390.NIGHT_.jpg\" alt=\"\" class=\"wp-image-7561\" srcset=\"https:\/\/www.ulkoilutankameraa.fi\/blog\/wp-content\/uploads\/2025\/05\/PXL_20250511_105853390.NIGHT_.jpg 864w, https:\/\/www.ulkoilutankameraa.fi\/blog\/wp-content\/uploads\/2025\/05\/PXL_20250511_105853390.NIGHT_-325x406.jpg 325w, https:\/\/www.ulkoilutankameraa.fi\/blog\/wp-content\/uploads\/2025\/05\/PXL_20250511_105853390.NIGHT_-120x150.jpg 120w, https:\/\/www.ulkoilutankameraa.fi\/blog\/wp-content\/uploads\/2025\/05\/PXL_20250511_105853390.NIGHT_-723x904.jpg 723w\" sizes=\"auto, (max-width: 864px) 100vw, 864px\" \/><\/figure>\n\n\n\n<figure class=\"wp-block-image size-full\"><img loading=\"lazy\" decoding=\"async\" width=\"864\" height=\"1080\" src=\"https:\/\/www.ulkoilutankameraa.fi\/blog\/wp-content\/uploads\/2025\/05\/DJI_0066.jpg\" alt=\"\" class=\"wp-image-7563\" srcset=\"https:\/\/www.ulkoilutankameraa.fi\/blog\/wp-content\/uploads\/2025\/05\/DJI_0066.jpg 864w, https:\/\/www.ulkoilutankameraa.fi\/blog\/wp-content\/uploads\/2025\/05\/DJI_0066-325x406.jpg 325w, https:\/\/www.ulkoilutankameraa.fi\/blog\/wp-content\/uploads\/2025\/05\/DJI_0066-120x150.jpg 120w, https:\/\/www.ulkoilutankameraa.fi\/blog\/wp-content\/uploads\/2025\/05\/DJI_0066-723x904.jpg 723w\" sizes=\"auto, (max-width: 864px) 100vw, 864px\" \/><\/figure>\n\n\n\n<figure class=\"wp-block-image size-full\"><img loading=\"lazy\" decoding=\"async\" width=\"864\" height=\"1080\" src=\"https:\/\/www.ulkoilutankameraa.fi\/blog\/wp-content\/uploads\/2025\/05\/PXL_20250511_110005577.jpg\" alt=\"\" class=\"wp-image-7560\" srcset=\"https:\/\/www.ulkoilutankameraa.fi\/blog\/wp-content\/uploads\/2025\/05\/PXL_20250511_110005577.jpg 864w, https:\/\/www.ulkoilutankameraa.fi\/blog\/wp-content\/uploads\/2025\/05\/PXL_20250511_110005577-325x406.jpg 325w, https:\/\/www.ulkoilutankameraa.fi\/blog\/wp-content\/uploads\/2025\/05\/PXL_20250511_110005577-120x150.jpg 120w, https:\/\/www.ulkoilutankameraa.fi\/blog\/wp-content\/uploads\/2025\/05\/PXL_20250511_110005577-723x904.jpg 723w\" sizes=\"auto, (max-width: 864px) 100vw, 864px\" \/><\/figure>\n","protected":false},"excerpt":{"rendered":"<p>T\u00e4llainen se on alta, p\u00e4\u00e4lt\u00e4 ja sis\u00e4lt\u00e4. Sanoisin, ett\u00e4 v\u00e4h\u00e4n on viherrys viiv\u00e4stynyt. V\u00e4ri on hyv\u00e4, mutta lehdet viel\u00e4 aika pieni\u00e4. Muutama l\u00e4mmin p\u00e4iv\u00e4, niin sitten r\u00e4j\u00e4ht\u00e4\u00e4. Alemmaskin olisi voinut dronella menn\u00e4, mutta en osannut arvioida dronen korkeutta suhteessa kaikkiin puihin. Koivikon. Olisi voinut ottaa kaikki kuvat my\u00f6s samasta paikasta ja huomioida my\u00f6s valon suunnan. [&hellip;]<\/p>\n","protected":false},"author":1,"featured_media":0,"comment_status":"closed","ping_status":"open","sticky":false,"template":"","format":"standard","meta":{"footnotes":""},"categories":[1],"tags":[220,194,42],"class_list":["post-7566","post","type-post","status-publish","format-standard","hentry","category-uncategorized","tag-koivu","tag-maisemakuvat","tag-metsa","content-columns-1"],"_links":{"self":[{"href":"https:\/\/www.ulkoilutankameraa.fi\/blog\/index.php?rest_route=\/wp\/v2\/posts\/7566","targetHints":{"allow":["GET"]}}],"collection":[{"href":"https:\/\/www.ulkoilutankameraa.fi\/blog\/index.php?rest_route=\/wp\/v2\/posts"}],"about":[{"href":"https:\/\/www.ulkoilutankameraa.fi\/blog\/index.php?rest_route=\/wp\/v2\/types\/post"}],"author":[{"embeddable":true,"href":"https:\/\/www.ulkoilutankameraa.fi\/blog\/index.php?rest_route=\/wp\/v2\/users\/1"}],"replies":[{"embeddable":true,"href":"https:\/\/www.ulkoilutankameraa.fi\/blog\/index.php?rest_route=%2Fwp%2Fv2%2Fcomments&post=7566"}],"version-history":[{"count":1,"href":"https:\/\/www.ulkoilutankameraa.fi\/blog\/index.php?rest_route=\/wp\/v2\/posts\/7566\/revisions"}],"predecessor-version":[{"id":7567,"href":"https:\/\/www.ulkoilutankameraa.fi\/blog\/index.php?rest_route=\/wp\/v2\/posts\/7566\/revisions\/7567"}],"wp:attachment":[{"href":"https:\/\/www.ulkoilutankameraa.fi\/blog\/index.php?rest_route=%2Fwp%2Fv2%2Fmedia&parent=7566"}],"wp:term":[{"taxonomy":"category","embeddable":true,"href":"https:\/\/www.ulkoilutankameraa.fi\/blog\/index.php?rest_route=%2Fwp%2Fv2%2Fcategories&post=7566"},{"taxonomy":"post_tag","embeddable":true,"href":"https:\/\/www.ulkoilutankameraa.fi\/blog\/index.php?rest_route=%2Fwp%2Fv2%2Ftags&post=7566"}],"curies":[{"name":"wp","href":"https:\/\/api.w.org\/{rel}","templated":true}]}}