{"id":7574,"date":"2025-05-18T19:22:47","date_gmt":"2025-05-18T16:22:47","guid":{"rendered":"https:\/\/www.ulkoilutankameraa.fi\/blog\/?p=7574"},"modified":"2025-05-18T19:22:47","modified_gmt":"2025-05-18T16:22:47","slug":"rovaniemella","status":"publish","type":"post","link":"https:\/\/www.ulkoilutankameraa.fi\/blog\/?p=7574","title":{"rendered":"Rovaniemell\u00e4"},"content":{"rendered":"\n<p>Pikkainen pyr\u00e4hdys Rovaniemen maisemiin. Matka-aikaa meni sent\u00e4\u00e4n v\u00e4hemm\u00e4n kuin paikallaoloaikaa. Jos haluaisi k\u00e4yd\u00e4 Rovaniemell\u00e4 sellatteen pikasesti, niin y\u00f6junalla sinne ja toisella takaisin, niin ehtisi olla perill\u00e4 noin kuusi tuntia ja paluup\u00e4iv\u00e4 olis viel\u00e4 melkein kokonaan hy\u00f6dynnett\u00e4viss\u00e4 kotihommissa. Siin\u00e4 ajassa ehtii hyvin vaikka taidemuseoon.<\/p>\n\n\n\n<p>Matka alkoi kotoa ja jatkui Turusta.<\/p>\n\n\n\n<figure class=\"wp-block-image size-full\"><img loading=\"lazy\" decoding=\"async\" width=\"1080\" height=\"813\" src=\"https:\/\/www.ulkoilutankameraa.fi\/blog\/wp-content\/uploads\/2025\/05\/PXL_20250512_185337990.jpg\" alt=\"\" class=\"wp-image-7573\" srcset=\"https:\/\/www.ulkoilutankameraa.fi\/blog\/wp-content\/uploads\/2025\/05\/PXL_20250512_185337990.jpg 1080w, https:\/\/www.ulkoilutankameraa.fi\/blog\/wp-content\/uploads\/2025\/05\/PXL_20250512_185337990-325x245.jpg 325w, https:\/\/www.ulkoilutankameraa.fi\/blog\/wp-content\/uploads\/2025\/05\/PXL_20250512_185337990-150x113.jpg 150w, https:\/\/www.ulkoilutankameraa.fi\/blog\/wp-content\/uploads\/2025\/05\/PXL_20250512_185337990-904x681.jpg 904w\" sizes=\"auto, (max-width: 1080px) 100vw, 1080px\" \/><\/figure>\n\n\n\n<p>P\u00e4\u00e4kohde oli Reidar S\u00e4rest\u00f6niemen 100 v n\u00e4yttely. Tavoitteena ollut k\u00e4yd\u00e4 katsomassa siit\u00e4 l\u00e4htien kun t\u00e4st\u00e4 ensimm\u00e4isen kerran ilmoitettiin jos 2024 tai silleen. Paljon ehti kyll\u00e4 tapahtua sen j\u00e4lkeen. Se oli vuosi 2018 kun ensimm\u00e4isen kerran tutustuin laajemmin S\u00e4rest\u00f6niemen taiteeseen. T\u00e4m\u00e4 tapahtui S\u00e4rest\u00f6ss\u00e4 eli Reidarin omassa museossa. Vaikutus oli huima. V\u00e4rit, aiheet, luonto, luonnon kuvaaminen, luontosuhde meniv\u00e4t p\u00e4\u00e4h\u00e4n kuin t\u00e4rp\u00e4tti. Olen sit\u00e4 mielt\u00e4, ett\u00e4 aidoimmillaan n\u00e4m\u00e4 ty\u00f6t olisivat kotonaan eli S\u00e4rest\u00f6ss\u00e4. Valitettavasti sinne ei t\u00e4ll\u00e4 ollut kertaa ollut mahdollista poiketa.<\/p>\n\n\n\n<figure class=\"wp-block-image size-full\"><img loading=\"lazy\" decoding=\"async\" width=\"813\" height=\"1080\" src=\"https:\/\/www.ulkoilutankameraa.fi\/blog\/wp-content\/uploads\/2025\/05\/PXL_20250513_104725691.jpg\" alt=\"\" class=\"wp-image-7572\" srcset=\"https:\/\/www.ulkoilutankameraa.fi\/blog\/wp-content\/uploads\/2025\/05\/PXL_20250513_104725691.jpg 813w, https:\/\/www.ulkoilutankameraa.fi\/blog\/wp-content\/uploads\/2025\/05\/PXL_20250513_104725691-325x432.jpg 325w, https:\/\/www.ulkoilutankameraa.fi\/blog\/wp-content\/uploads\/2025\/05\/PXL_20250513_104725691-113x150.jpg 113w, https:\/\/www.ulkoilutankameraa.fi\/blog\/wp-content\/uploads\/2025\/05\/PXL_20250513_104725691-681x904.jpg 681w\" sizes=\"auto, (max-width: 813px) 100vw, 813px\" \/><\/figure>\n\n\n\n<p>Toisenkin kuvan otin p\u00e4iv\u00e4n aikana. Kemijoen ylitt\u00e4v\u00e4st\u00e4 J\u00e4tk\u00e4nkynttil\u00e4st\u00e4, koivuisella twistill\u00e4.<\/p>\n\n\n\n<figure class=\"wp-block-image size-full\"><img loading=\"lazy\" decoding=\"async\" width=\"813\" height=\"1080\" src=\"https:\/\/www.ulkoilutankameraa.fi\/blog\/wp-content\/uploads\/2025\/05\/PXL_20250513_121033266.jpg\" alt=\"\" class=\"wp-image-7571\" srcset=\"https:\/\/www.ulkoilutankameraa.fi\/blog\/wp-content\/uploads\/2025\/05\/PXL_20250513_121033266.jpg 813w, https:\/\/www.ulkoilutankameraa.fi\/blog\/wp-content\/uploads\/2025\/05\/PXL_20250513_121033266-325x432.jpg 325w, https:\/\/www.ulkoilutankameraa.fi\/blog\/wp-content\/uploads\/2025\/05\/PXL_20250513_121033266-113x150.jpg 113w, https:\/\/www.ulkoilutankameraa.fi\/blog\/wp-content\/uploads\/2025\/05\/PXL_20250513_121033266-681x904.jpg 681w\" sizes=\"auto, (max-width: 813px) 100vw, 813px\" \/><\/figure>\n\n\n\n<p>Seuraava p\u00e4iv\u00e4 meni Ounasvaaralla ulkoillessa. Suunnitelma oli kiert\u00e4\u00e4 joku lenkki kun kartassa n\u00e4ytti polkuja menev\u00e4n. Aikaa meni loppujen lopuksi nelj\u00e4 tuntia ja kilometrej\u00e4 tuli 12. Polkuja tosiaan oli ja tuli, mutta reitti noudatteli talvik\u00e4velyreitti\u00e4, pienill\u00e4 poikkeamilla. N\u00e4k\u00f6torniin kiivettiin, miss\u00e4 tunsin oloni hieman ep\u00e4mukavaksi. Kuvat ovat tosin Juhannuskalliolta ja jonkun rinteen laelta, minne tuli onneksi kiivetty\u00e4. On kiehtovaa katsoa noin kauas ja n\u00e4hd\u00e4 noin paljon taivasta yhdell\u00e4 silm\u00e4yksell\u00e4. T\u00e4llaiselle kattilassa asuvalle n\u00e4m\u00e4 ovat huikeita kokemuksia. <\/p>\n\n\n\n<figure class=\"wp-block-image size-full\"><img loading=\"lazy\" decoding=\"async\" width=\"1080\" height=\"813\" src=\"https:\/\/www.ulkoilutankameraa.fi\/blog\/wp-content\/uploads\/2025\/05\/PXL_20250514_095948665.jpg\" alt=\"\" class=\"wp-image-7570\" srcset=\"https:\/\/www.ulkoilutankameraa.fi\/blog\/wp-content\/uploads\/2025\/05\/PXL_20250514_095948665.jpg 1080w, https:\/\/www.ulkoilutankameraa.fi\/blog\/wp-content\/uploads\/2025\/05\/PXL_20250514_095948665-325x245.jpg 325w, https:\/\/www.ulkoilutankameraa.fi\/blog\/wp-content\/uploads\/2025\/05\/PXL_20250514_095948665-150x113.jpg 150w, https:\/\/www.ulkoilutankameraa.fi\/blog\/wp-content\/uploads\/2025\/05\/PXL_20250514_095948665-904x681.jpg 904w\" sizes=\"auto, (max-width: 1080px) 100vw, 1080px\" \/><\/figure>\n\n\n\n<figure class=\"wp-block-image size-full\"><img loading=\"lazy\" decoding=\"async\" width=\"1080\" height=\"617\" src=\"https:\/\/www.ulkoilutankameraa.fi\/blog\/wp-content\/uploads\/2025\/05\/PXL_20250514_103727291.PANO_.jpg\" alt=\"\" class=\"wp-image-7569\" srcset=\"https:\/\/www.ulkoilutankameraa.fi\/blog\/wp-content\/uploads\/2025\/05\/PXL_20250514_103727291.PANO_.jpg 1080w, https:\/\/www.ulkoilutankameraa.fi\/blog\/wp-content\/uploads\/2025\/05\/PXL_20250514_103727291.PANO_-325x186.jpg 325w, https:\/\/www.ulkoilutankameraa.fi\/blog\/wp-content\/uploads\/2025\/05\/PXL_20250514_103727291.PANO_-150x86.jpg 150w, https:\/\/www.ulkoilutankameraa.fi\/blog\/wp-content\/uploads\/2025\/05\/PXL_20250514_103727291.PANO_-904x516.jpg 904w\" sizes=\"auto, (max-width: 1080px) 100vw, 1080px\" \/><\/figure>\n\n\n\n<p>Viimeisen\u00e4 matkap\u00e4iv\u00e4n\u00e4 Arktikumiin, j\u00e4\u00e4hyv\u00e4iset Ounasjoelle, asemalle ja kohti ja kohti auringonlaskua. Arktikum on tiedekeskus ja lappilaisen kulttuurin museo. Vuoden luonnonkuvat kiertue oli my\u00f6s p\u00e4\u00e4ssyt t\u00e4nne asti. Voi kun olisivat olleet isompina vedoksina. Kelpasivat toki sellaisinakin kuin olivat. Mukavampi niit\u00e4 oli sein\u00e4lt\u00e4 katsoa kuin ruudulta. <\/p>\n\n\n\n<p>Vaara- ja tunturimaiseman lis\u00e4ksi t\u00e4llaiseen savipeltojen ja kuravesien keskell\u00e4 el\u00e4v\u00e4\u00e4n tekee vaikutuksen sininen kirkas vesi. <\/p>\n\n\n\n<figure class=\"wp-block-image size-full\"><img loading=\"lazy\" decoding=\"async\" width=\"1080\" height=\"813\" src=\"https:\/\/www.ulkoilutankameraa.fi\/blog\/wp-content\/uploads\/2025\/05\/PXL_20250515_105405294.jpg\" alt=\"\" class=\"wp-image-7568\" srcset=\"https:\/\/www.ulkoilutankameraa.fi\/blog\/wp-content\/uploads\/2025\/05\/PXL_20250515_105405294.jpg 1080w, https:\/\/www.ulkoilutankameraa.fi\/blog\/wp-content\/uploads\/2025\/05\/PXL_20250515_105405294-325x245.jpg 325w, https:\/\/www.ulkoilutankameraa.fi\/blog\/wp-content\/uploads\/2025\/05\/PXL_20250515_105405294-150x113.jpg 150w, https:\/\/www.ulkoilutankameraa.fi\/blog\/wp-content\/uploads\/2025\/05\/PXL_20250515_105405294-904x681.jpg 904w\" sizes=\"auto, (max-width: 1080px) 100vw, 1080px\" \/><\/figure>\n\n\n\n<figure class=\"wp-block-image size-full\"><img loading=\"lazy\" decoding=\"async\" width=\"813\" height=\"1080\" src=\"https:\/\/www.ulkoilutankameraa.fi\/blog\/wp-content\/uploads\/2025\/05\/PXL_20250515_194305360.jpg\" alt=\"\" class=\"wp-image-7575\" srcset=\"https:\/\/www.ulkoilutankameraa.fi\/blog\/wp-content\/uploads\/2025\/05\/PXL_20250515_194305360.jpg 813w, https:\/\/www.ulkoilutankameraa.fi\/blog\/wp-content\/uploads\/2025\/05\/PXL_20250515_194305360-325x432.jpg 325w, https:\/\/www.ulkoilutankameraa.fi\/blog\/wp-content\/uploads\/2025\/05\/PXL_20250515_194305360-113x150.jpg 113w, https:\/\/www.ulkoilutankameraa.fi\/blog\/wp-content\/uploads\/2025\/05\/PXL_20250515_194305360-681x904.jpg 681w\" sizes=\"auto, (max-width: 813px) 100vw, 813px\" \/><\/figure>\n\n\n\n<p>Sellainen matka. Matkalla mukana Fuji XE-4, mutta kaikki kuvat otettu Pixel 9 Pro:lla. L\u00e4hes suoraan puhelimesta, joitain kroppauksia tehty.<\/p>\n","protected":false},"excerpt":{"rendered":"<p>Pikkainen pyr\u00e4hdys Rovaniemen maisemiin. Matka-aikaa meni sent\u00e4\u00e4n v\u00e4hemm\u00e4n kuin paikallaoloaikaa. Jos haluaisi k\u00e4yd\u00e4 Rovaniemell\u00e4 sellatteen pikasesti, niin y\u00f6junalla sinne ja toisella takaisin, niin ehtisi olla perill\u00e4 noin kuusi tuntia ja paluup\u00e4iv\u00e4 olis viel\u00e4 melkein kokonaan hy\u00f6dynnett\u00e4viss\u00e4 kotihommissa. Siin\u00e4 ajassa ehtii hyvin vaikka taidemuseoon. Matka alkoi kotoa ja jatkui Turusta. P\u00e4\u00e4kohde oli Reidar S\u00e4rest\u00f6niemen 100 v [&hellip;]<\/p>\n","protected":false},"author":1,"featured_media":0,"comment_status":"closed","ping_status":"open","sticky":false,"template":"","format":"standard","meta":{"footnotes":""},"categories":[1],"tags":[59,194,104,72],"class_list":["post-7574","post","type-post","status-publish","format-standard","hentry","category-uncategorized","tag-kaupunkimaisemat","tag-maisemakuvat","tag-taivas","tag-vesi","content-columns-1"],"_links":{"self":[{"href":"https:\/\/www.ulkoilutankameraa.fi\/blog\/index.php?rest_route=\/wp\/v2\/posts\/7574","targetHints":{"allow":["GET"]}}],"collection":[{"href":"https:\/\/www.ulkoilutankameraa.fi\/blog\/index.php?rest_route=\/wp\/v2\/posts"}],"about":[{"href":"https:\/\/www.ulkoilutankameraa.fi\/blog\/index.php?rest_route=\/wp\/v2\/types\/post"}],"author":[{"embeddable":true,"href":"https:\/\/www.ulkoilutankameraa.fi\/blog\/index.php?rest_route=\/wp\/v2\/users\/1"}],"replies":[{"embeddable":true,"href":"https:\/\/www.ulkoilutankameraa.fi\/blog\/index.php?rest_route=%2Fwp%2Fv2%2Fcomments&post=7574"}],"version-history":[{"count":1,"href":"https:\/\/www.ulkoilutankameraa.fi\/blog\/index.php?rest_route=\/wp\/v2\/posts\/7574\/revisions"}],"predecessor-version":[{"id":7576,"href":"https:\/\/www.ulkoilutankameraa.fi\/blog\/index.php?rest_route=\/wp\/v2\/posts\/7574\/revisions\/7576"}],"wp:attachment":[{"href":"https:\/\/www.ulkoilutankameraa.fi\/blog\/index.php?rest_route=%2Fwp%2Fv2%2Fmedia&parent=7574"}],"wp:term":[{"taxonomy":"category","embeddable":true,"href":"https:\/\/www.ulkoilutankameraa.fi\/blog\/index.php?rest_route=%2Fwp%2Fv2%2Fcategories&post=7574"},{"taxonomy":"post_tag","embeddable":true,"href":"https:\/\/www.ulkoilutankameraa.fi\/blog\/index.php?rest_route=%2Fwp%2Fv2%2Ftags&post=7574"}],"curies":[{"name":"wp","href":"https:\/\/api.w.org\/{rel}","templated":true}]}}