{"id":7579,"date":"2025-06-01T14:49:14","date_gmt":"2025-06-01T11:49:14","guid":{"rendered":"https:\/\/www.ulkoilutankameraa.fi\/blog\/?p=7579"},"modified":"2025-06-01T14:49:15","modified_gmt":"2025-06-01T11:49:15","slug":"kevaasta-kesaan","status":"publish","type":"post","link":"https:\/\/www.ulkoilutankameraa.fi\/blog\/?p=7579","title":{"rendered":"Kev\u00e4\u00e4st\u00e4 kes\u00e4\u00e4n"},"content":{"rendered":"\n<p>V\u00e4hin on j\u00e4\u00e4nyt valokuvauslaitteiden ulkoiluttaminen. Vaivojen ja sairauksien m\u00e4\u00e4r\u00e4 ei ole vakio vaan niit\u00e4 voi tulla koko aika lis\u00e4\u00e4. Nyt on jalka niin kipe\u00e4, ett\u00e4 olen melkeinp\u00e4 pihan vankina. Pihasta l\u00f6ytyi sent\u00e4\u00e4n yksi vapaaehtoinen malli kuvattavaksi. T\u00e4m\u00e4 pohjolan tyt\u00e4r oli oikein suotuisa ja sopuisa. Herkistell\u00e4\u00e4n t\u00e4ll\u00e4 pinkill\u00e4 kaunottarella kohti kes\u00e4\u00e4 ja toivotaan, ett\u00e4 joku keksii jalkaan parannuksen, kunhan rohkenen sit\u00e4 jollekin ensin esitell\u00e4.<\/p>\n\n\n\n<figure class=\"wp-block-image size-full\"><img loading=\"lazy\" decoding=\"async\" width=\"1080\" height=\"1080\" src=\"https:\/\/www.ulkoilutankameraa.fi\/blog\/wp-content\/uploads\/2025\/06\/PXL_20250530_152746340.jpg\" alt=\"\" class=\"wp-image-7578\" srcset=\"https:\/\/www.ulkoilutankameraa.fi\/blog\/wp-content\/uploads\/2025\/06\/PXL_20250530_152746340.jpg 1080w, https:\/\/www.ulkoilutankameraa.fi\/blog\/wp-content\/uploads\/2025\/06\/PXL_20250530_152746340-325x325.jpg 325w, https:\/\/www.ulkoilutankameraa.fi\/blog\/wp-content\/uploads\/2025\/06\/PXL_20250530_152746340-150x150.jpg 150w, https:\/\/www.ulkoilutankameraa.fi\/blog\/wp-content\/uploads\/2025\/06\/PXL_20250530_152746340-904x904.jpg 904w\" sizes=\"auto, (max-width: 1080px) 100vw, 1080px\" \/><\/figure>\n\n\n\n<p> <\/p>\n","protected":false},"excerpt":{"rendered":"<p>V\u00e4hin on j\u00e4\u00e4nyt valokuvauslaitteiden ulkoiluttaminen. Vaivojen ja sairauksien m\u00e4\u00e4r\u00e4 ei ole vakio vaan niit\u00e4 voi tulla koko aika lis\u00e4\u00e4. Nyt on jalka niin kipe\u00e4, ett\u00e4 olen melkeinp\u00e4 pihan vankina. Pihasta l\u00f6ytyi sent\u00e4\u00e4n yksi vapaaehtoinen malli kuvattavaksi. T\u00e4m\u00e4 pohjolan tyt\u00e4r oli oikein suotuisa ja sopuisa. Herkistell\u00e4\u00e4n t\u00e4ll\u00e4 pinkill\u00e4 kaunottarella kohti kes\u00e4\u00e4 ja toivotaan, ett\u00e4 joku keksii [&hellip;]<\/p>\n","protected":false},"author":1,"featured_media":0,"comment_status":"closed","ping_status":"open","sticky":false,"template":"","format":"standard","meta":{"footnotes":""},"categories":[1],"tags":[223,224],"class_list":["post-7579","post","type-post","status-publish","format-standard","hentry","category-uncategorized","tag-piha","tag-puutarha","content-columns-1"],"_links":{"self":[{"href":"https:\/\/www.ulkoilutankameraa.fi\/blog\/index.php?rest_route=\/wp\/v2\/posts\/7579","targetHints":{"allow":["GET"]}}],"collection":[{"href":"https:\/\/www.ulkoilutankameraa.fi\/blog\/index.php?rest_route=\/wp\/v2\/posts"}],"about":[{"href":"https:\/\/www.ulkoilutankameraa.fi\/blog\/index.php?rest_route=\/wp\/v2\/types\/post"}],"author":[{"embeddable":true,"href":"https:\/\/www.ulkoilutankameraa.fi\/blog\/index.php?rest_route=\/wp\/v2\/users\/1"}],"replies":[{"embeddable":true,"href":"https:\/\/www.ulkoilutankameraa.fi\/blog\/index.php?rest_route=%2Fwp%2Fv2%2Fcomments&post=7579"}],"version-history":[{"count":1,"href":"https:\/\/www.ulkoilutankameraa.fi\/blog\/index.php?rest_route=\/wp\/v2\/posts\/7579\/revisions"}],"predecessor-version":[{"id":7580,"href":"https:\/\/www.ulkoilutankameraa.fi\/blog\/index.php?rest_route=\/wp\/v2\/posts\/7579\/revisions\/7580"}],"wp:attachment":[{"href":"https:\/\/www.ulkoilutankameraa.fi\/blog\/index.php?rest_route=%2Fwp%2Fv2%2Fmedia&parent=7579"}],"wp:term":[{"taxonomy":"category","embeddable":true,"href":"https:\/\/www.ulkoilutankameraa.fi\/blog\/index.php?rest_route=%2Fwp%2Fv2%2Fcategories&post=7579"},{"taxonomy":"post_tag","embeddable":true,"href":"https:\/\/www.ulkoilutankameraa.fi\/blog\/index.php?rest_route=%2Fwp%2Fv2%2Ftags&post=7579"}],"curies":[{"name":"wp","href":"https:\/\/api.w.org\/{rel}","templated":true}]}}