{"id":7594,"date":"2025-07-01T12:17:46","date_gmt":"2025-07-01T09:17:46","guid":{"rendered":"https:\/\/www.ulkoilutankameraa.fi\/blog\/?p=7594"},"modified":"2025-06-29T12:25:30","modified_gmt":"2025-06-29T09:25:30","slug":"ilolan-arboretum","status":"publish","type":"post","link":"https:\/\/www.ulkoilutankameraa.fi\/blog\/?p=7594","title":{"rendered":"Ilolan arboretum"},"content":{"rendered":"\n<p>Mukava k\u00e4yd\u00e4 muidenkin pihoilla, eik\u00e4 ole mit\u00e4\u00e4n n\u00e4pertely\u00e4. Alppiruusujen(kin) kukinta meni minulta ohi, mutta onhan sit\u00e4 muutakin. Lummelammikko olisi pihalla kiva. Ei tarttis v\u00e4litt\u00e4\u00e4, vaikka v\u00e4h\u00e4n sataisikin. Kukat eiv\u00e4t tosin taida sateella aueta. Lumme tuo on, mutta onko suomen vai pohjan. Kasvien kuvauksia kun lukee, niin ei voi todeta, ett\u00e4 huonosti on termit hallussa, valokuvassa yleens\u00e4 kuvattu v\u00e4hemm\u00e4n oleelliset osat. Ehk\u00e4p\u00e4 olen my\u00f6s k\u00e4rsim\u00e4t\u00f6n. L\u00e4hestymiskulmani on kuitenkin esteettinen eik\u00e4 botanistinen.<\/p>\n\n\n\n<figure class=\"wp-block-image size-full\"><img loading=\"lazy\" decoding=\"async\" width=\"864\" height=\"1080\" src=\"https:\/\/www.ulkoilutankameraa.fi\/blog\/wp-content\/uploads\/2025\/06\/PXL_20250628_092839079.RAW-02.ORIGINAL.jpg\" alt=\"\" class=\"wp-image-7593\" srcset=\"https:\/\/www.ulkoilutankameraa.fi\/blog\/wp-content\/uploads\/2025\/06\/PXL_20250628_092839079.RAW-02.ORIGINAL.jpg 864w, https:\/\/www.ulkoilutankameraa.fi\/blog\/wp-content\/uploads\/2025\/06\/PXL_20250628_092839079.RAW-02.ORIGINAL-325x406.jpg 325w, https:\/\/www.ulkoilutankameraa.fi\/blog\/wp-content\/uploads\/2025\/06\/PXL_20250628_092839079.RAW-02.ORIGINAL-120x150.jpg 120w, https:\/\/www.ulkoilutankameraa.fi\/blog\/wp-content\/uploads\/2025\/06\/PXL_20250628_092839079.RAW-02.ORIGINAL-723x904.jpg 723w\" sizes=\"auto, (max-width: 864px) 100vw, 864px\" \/><\/figure>\n","protected":false},"excerpt":{"rendered":"<p>Mukava k\u00e4yd\u00e4 muidenkin pihoilla, eik\u00e4 ole mit\u00e4\u00e4n n\u00e4pertely\u00e4. Alppiruusujen(kin) kukinta meni minulta ohi, mutta onhan sit\u00e4 muutakin. Lummelammikko olisi pihalla kiva. Ei tarttis v\u00e4litt\u00e4\u00e4, vaikka v\u00e4h\u00e4n sataisikin. Kukat eiv\u00e4t tosin taida sateella aueta. Lumme tuo on, mutta onko suomen vai pohjan. Kasvien kuvauksia kun lukee, niin ei voi todeta, ett\u00e4 huonosti on termit hallussa, valokuvassa [&hellip;]<\/p>\n","protected":false},"author":1,"featured_media":0,"comment_status":"closed","ping_status":"open","sticky":false,"template":"","format":"standard","meta":{"footnotes":""},"categories":[1],"tags":[13],"class_list":["post-7594","post","type-post","status-publish","format-standard","hentry","category-uncategorized","tag-kasvit","content-columns-1"],"_links":{"self":[{"href":"https:\/\/www.ulkoilutankameraa.fi\/blog\/index.php?rest_route=\/wp\/v2\/posts\/7594","targetHints":{"allow":["GET"]}}],"collection":[{"href":"https:\/\/www.ulkoilutankameraa.fi\/blog\/index.php?rest_route=\/wp\/v2\/posts"}],"about":[{"href":"https:\/\/www.ulkoilutankameraa.fi\/blog\/index.php?rest_route=\/wp\/v2\/types\/post"}],"author":[{"embeddable":true,"href":"https:\/\/www.ulkoilutankameraa.fi\/blog\/index.php?rest_route=\/wp\/v2\/users\/1"}],"replies":[{"embeddable":true,"href":"https:\/\/www.ulkoilutankameraa.fi\/blog\/index.php?rest_route=%2Fwp%2Fv2%2Fcomments&post=7594"}],"version-history":[{"count":1,"href":"https:\/\/www.ulkoilutankameraa.fi\/blog\/index.php?rest_route=\/wp\/v2\/posts\/7594\/revisions"}],"predecessor-version":[{"id":7595,"href":"https:\/\/www.ulkoilutankameraa.fi\/blog\/index.php?rest_route=\/wp\/v2\/posts\/7594\/revisions\/7595"}],"wp:attachment":[{"href":"https:\/\/www.ulkoilutankameraa.fi\/blog\/index.php?rest_route=%2Fwp%2Fv2%2Fmedia&parent=7594"}],"wp:term":[{"taxonomy":"category","embeddable":true,"href":"https:\/\/www.ulkoilutankameraa.fi\/blog\/index.php?rest_route=%2Fwp%2Fv2%2Fcategories&post=7594"},{"taxonomy":"post_tag","embeddable":true,"href":"https:\/\/www.ulkoilutankameraa.fi\/blog\/index.php?rest_route=%2Fwp%2Fv2%2Ftags&post=7594"}],"curies":[{"name":"wp","href":"https:\/\/api.w.org\/{rel}","templated":true}]}}