{"id":7602,"date":"2025-07-03T16:59:03","date_gmt":"2025-07-03T13:59:03","guid":{"rendered":"https:\/\/www.ulkoilutankameraa.fi\/blog\/?p=7602"},"modified":"2025-07-01T17:08:49","modified_gmt":"2025-07-01T14:08:49","slug":"taaskin-tuulee-ja-kotipihaan-jaan","status":"publish","type":"post","link":"https:\/\/www.ulkoilutankameraa.fi\/blog\/?p=7602","title":{"rendered":"Taaskin tuulee ja kotipihaan j\u00e4\u00e4n"},"content":{"rendered":"\n<p>Aina, joka ikinen p\u00e4iv\u00e4 on n\u00e4it\u00e4 keskitason tuulivaroituksen luoteisia puuskia. Polkupy\u00f6r\u00e4ll\u00e4kin piti jo nojata tuuleen, ettei kaadu tai ajaudu pientareelle. <\/p>\n\n\n\n<p>Ennen tuuli tuli vain silloin kun kaivoi laukusta makro-objektiivin, tarkoituksella ett\u00e4 makrokuvaisi. Kokeilin toimiiko my\u00f6s toisinp\u00e4in. Tyyntyyk\u00f6 tuuli jos ottaa puhelimen, asettaa kuvausmoodiksi &#8221;pitk\u00e4 valotus&#8221; ja yritt\u00e4\u00e4 ottaa kuvan, jossa pionit ep\u00e4selvin\u00e4 heilahtelevat. No ei tyyntynyt. Eik\u00e4 tarvinnut harmaasuodatinta.<\/p>\n\n\n\n<figure class=\"wp-block-image size-full\"><img loading=\"lazy\" decoding=\"async\" width=\"813\" height=\"1080\" src=\"https:\/\/www.ulkoilutankameraa.fi\/blog\/wp-content\/uploads\/2025\/07\/PXL_20250630_141142501.LONG_EXPOSURE-01.COVER_.jpg\" alt=\"\" class=\"wp-image-7601\" srcset=\"https:\/\/www.ulkoilutankameraa.fi\/blog\/wp-content\/uploads\/2025\/07\/PXL_20250630_141142501.LONG_EXPOSURE-01.COVER_.jpg 813w, https:\/\/www.ulkoilutankameraa.fi\/blog\/wp-content\/uploads\/2025\/07\/PXL_20250630_141142501.LONG_EXPOSURE-01.COVER_-325x432.jpg 325w, https:\/\/www.ulkoilutankameraa.fi\/blog\/wp-content\/uploads\/2025\/07\/PXL_20250630_141142501.LONG_EXPOSURE-01.COVER_-113x150.jpg 113w, https:\/\/www.ulkoilutankameraa.fi\/blog\/wp-content\/uploads\/2025\/07\/PXL_20250630_141142501.LONG_EXPOSURE-01.COVER_-681x904.jpg 681w\" sizes=\"auto, (max-width: 813px) 100vw, 813px\" \/><\/figure>\n","protected":false},"excerpt":{"rendered":"<p>Aina, joka ikinen p\u00e4iv\u00e4 on n\u00e4it\u00e4 keskitason tuulivaroituksen luoteisia puuskia. Polkupy\u00f6r\u00e4ll\u00e4kin piti jo nojata tuuleen, ettei kaadu tai ajaudu pientareelle. Ennen tuuli tuli vain silloin kun kaivoi laukusta makro-objektiivin, tarkoituksella ett\u00e4 makrokuvaisi. Kokeilin toimiiko my\u00f6s toisinp\u00e4in. Tyyntyyk\u00f6 tuuli jos ottaa puhelimen, asettaa kuvausmoodiksi &#8221;pitk\u00e4 valotus&#8221; ja yritt\u00e4\u00e4 ottaa kuvan, jossa pionit ep\u00e4selvin\u00e4 heilahtelevat. No ei [&hellip;]<\/p>\n","protected":false},"author":1,"featured_media":0,"comment_status":"closed","ping_status":"open","sticky":false,"template":"","format":"standard","meta":{"footnotes":""},"categories":[1],"tags":[223,224],"class_list":["post-7602","post","type-post","status-publish","format-standard","hentry","category-uncategorized","tag-piha","tag-puutarha","content-columns-1"],"_links":{"self":[{"href":"https:\/\/www.ulkoilutankameraa.fi\/blog\/index.php?rest_route=\/wp\/v2\/posts\/7602","targetHints":{"allow":["GET"]}}],"collection":[{"href":"https:\/\/www.ulkoilutankameraa.fi\/blog\/index.php?rest_route=\/wp\/v2\/posts"}],"about":[{"href":"https:\/\/www.ulkoilutankameraa.fi\/blog\/index.php?rest_route=\/wp\/v2\/types\/post"}],"author":[{"embeddable":true,"href":"https:\/\/www.ulkoilutankameraa.fi\/blog\/index.php?rest_route=\/wp\/v2\/users\/1"}],"replies":[{"embeddable":true,"href":"https:\/\/www.ulkoilutankameraa.fi\/blog\/index.php?rest_route=%2Fwp%2Fv2%2Fcomments&post=7602"}],"version-history":[{"count":1,"href":"https:\/\/www.ulkoilutankameraa.fi\/blog\/index.php?rest_route=\/wp\/v2\/posts\/7602\/revisions"}],"predecessor-version":[{"id":7603,"href":"https:\/\/www.ulkoilutankameraa.fi\/blog\/index.php?rest_route=\/wp\/v2\/posts\/7602\/revisions\/7603"}],"wp:attachment":[{"href":"https:\/\/www.ulkoilutankameraa.fi\/blog\/index.php?rest_route=%2Fwp%2Fv2%2Fmedia&parent=7602"}],"wp:term":[{"taxonomy":"category","embeddable":true,"href":"https:\/\/www.ulkoilutankameraa.fi\/blog\/index.php?rest_route=%2Fwp%2Fv2%2Fcategories&post=7602"},{"taxonomy":"post_tag","embeddable":true,"href":"https:\/\/www.ulkoilutankameraa.fi\/blog\/index.php?rest_route=%2Fwp%2Fv2%2Ftags&post=7602"}],"curies":[{"name":"wp","href":"https:\/\/api.w.org\/{rel}","templated":true}]}}