{"id":7607,"date":"2025-07-04T14:00:46","date_gmt":"2025-07-04T11:00:46","guid":{"rendered":"https:\/\/www.ulkoilutankameraa.fi\/blog\/?p=7607"},"modified":"2025-07-03T14:34:04","modified_gmt":"2025-07-03T11:34:04","slug":"hamarijarvi-teijo-salo-2","status":"publish","type":"post","link":"https:\/\/www.ulkoilutankameraa.fi\/blog\/?p=7607","title":{"rendered":"Hamarij\u00e4rvi Teijo Salo"},"content":{"rendered":"\n<p>Voi n\u00e4it\u00e4 hein\u00e4kuun helteit\u00e4. Niiin vaan tuli iltaontumisella l\u00e4mmin ainakin selk\u00e4\u00e4n, koska oli ev\u00e4sreppu mukana. Tuulikin oli tyyntynyt. Sen huomasi kun pys\u00e4htyi suon laitaan ev\u00e4stelem\u00e4\u00e4n. Hyttysi\u00e4 oli sittenkin  t\u00e4n\u00e4kin vuonna. Ne kerrat kun olen mets\u00e4ss\u00e4 ollut, on tuntunut ett\u00e4 hyttysi\u00e4 on ollut v\u00e4h\u00e4n tai ei ollenkaan. <\/p>\n\n\n\n<p>Maisemat moneen kertaan kuvattuja, pilvet vain vaihtuvat. Mieluinen paikka, paljon muistoja. <\/p>\n\n\n\n<figure class=\"wp-block-image size-full\"><img loading=\"lazy\" decoding=\"async\" width=\"864\" height=\"1080\" src=\"https:\/\/www.ulkoilutankameraa.fi\/blog\/wp-content\/uploads\/2025\/07\/PXL_20250702_171029730.RAW-01.COVER_.jpg\" alt=\"\" class=\"wp-image-7604\" srcset=\"https:\/\/www.ulkoilutankameraa.fi\/blog\/wp-content\/uploads\/2025\/07\/PXL_20250702_171029730.RAW-01.COVER_.jpg 864w, https:\/\/www.ulkoilutankameraa.fi\/blog\/wp-content\/uploads\/2025\/07\/PXL_20250702_171029730.RAW-01.COVER_-325x406.jpg 325w, https:\/\/www.ulkoilutankameraa.fi\/blog\/wp-content\/uploads\/2025\/07\/PXL_20250702_171029730.RAW-01.COVER_-120x150.jpg 120w, https:\/\/www.ulkoilutankameraa.fi\/blog\/wp-content\/uploads\/2025\/07\/PXL_20250702_171029730.RAW-01.COVER_-723x904.jpg 723w\" sizes=\"auto, (max-width: 864px) 100vw, 864px\" \/><\/figure>\n\n\n\n<figure class=\"wp-block-image size-full\"><img loading=\"lazy\" decoding=\"async\" width=\"864\" height=\"1080\" src=\"https:\/\/www.ulkoilutankameraa.fi\/blog\/wp-content\/uploads\/2025\/07\/PXL_20250702_171638802.RAW-01.COVER_.jpg\" alt=\"\" class=\"wp-image-7606\" srcset=\"https:\/\/www.ulkoilutankameraa.fi\/blog\/wp-content\/uploads\/2025\/07\/PXL_20250702_171638802.RAW-01.COVER_.jpg 864w, https:\/\/www.ulkoilutankameraa.fi\/blog\/wp-content\/uploads\/2025\/07\/PXL_20250702_171638802.RAW-01.COVER_-325x406.jpg 325w, https:\/\/www.ulkoilutankameraa.fi\/blog\/wp-content\/uploads\/2025\/07\/PXL_20250702_171638802.RAW-01.COVER_-120x150.jpg 120w, https:\/\/www.ulkoilutankameraa.fi\/blog\/wp-content\/uploads\/2025\/07\/PXL_20250702_171638802.RAW-01.COVER_-723x904.jpg 723w\" sizes=\"auto, (max-width: 864px) 100vw, 864px\" \/><\/figure>\n\n\n\n<figure class=\"wp-block-image size-full\"><img loading=\"lazy\" decoding=\"async\" width=\"864\" height=\"1080\" src=\"https:\/\/www.ulkoilutankameraa.fi\/blog\/wp-content\/uploads\/2025\/07\/PXL_20250702_171559665.RAW-01.COVER_.jpg\" alt=\"\" class=\"wp-image-7605\" srcset=\"https:\/\/www.ulkoilutankameraa.fi\/blog\/wp-content\/uploads\/2025\/07\/PXL_20250702_171559665.RAW-01.COVER_.jpg 864w, https:\/\/www.ulkoilutankameraa.fi\/blog\/wp-content\/uploads\/2025\/07\/PXL_20250702_171559665.RAW-01.COVER_-325x406.jpg 325w, https:\/\/www.ulkoilutankameraa.fi\/blog\/wp-content\/uploads\/2025\/07\/PXL_20250702_171559665.RAW-01.COVER_-120x150.jpg 120w, https:\/\/www.ulkoilutankameraa.fi\/blog\/wp-content\/uploads\/2025\/07\/PXL_20250702_171559665.RAW-01.COVER_-723x904.jpg 723w\" sizes=\"auto, (max-width: 864px) 100vw, 864px\" \/><\/figure>\n","protected":false},"excerpt":{"rendered":"<p>Voi n\u00e4it\u00e4 hein\u00e4kuun helteit\u00e4. Niiin vaan tuli iltaontumisella l\u00e4mmin ainakin selk\u00e4\u00e4n, koska oli ev\u00e4sreppu mukana. Tuulikin oli tyyntynyt. Sen huomasi kun pys\u00e4htyi suon laitaan ev\u00e4stelem\u00e4\u00e4n. Hyttysi\u00e4 oli sittenkin t\u00e4n\u00e4kin vuonna. Ne kerrat kun olen mets\u00e4ss\u00e4 ollut, on tuntunut ett\u00e4 hyttysi\u00e4 on ollut v\u00e4h\u00e4n tai ei ollenkaan. Maisemat moneen kertaan kuvattuja, pilvet vain vaihtuvat. Mieluinen paikka, [&hellip;]<\/p>\n","protected":false},"author":1,"featured_media":0,"comment_status":"closed","ping_status":"open","sticky":false,"template":"","format":"standard","meta":{"footnotes":""},"categories":[1],"tags":[229,194,17,41],"class_list":["post-7607","post","type-post","status-publish","format-standard","hentry","category-uncategorized","tag-hamarijarvi","tag-maisemakuvat","tag-salo","tag-teijo","content-columns-1"],"_links":{"self":[{"href":"https:\/\/www.ulkoilutankameraa.fi\/blog\/index.php?rest_route=\/wp\/v2\/posts\/7607","targetHints":{"allow":["GET"]}}],"collection":[{"href":"https:\/\/www.ulkoilutankameraa.fi\/blog\/index.php?rest_route=\/wp\/v2\/posts"}],"about":[{"href":"https:\/\/www.ulkoilutankameraa.fi\/blog\/index.php?rest_route=\/wp\/v2\/types\/post"}],"author":[{"embeddable":true,"href":"https:\/\/www.ulkoilutankameraa.fi\/blog\/index.php?rest_route=\/wp\/v2\/users\/1"}],"replies":[{"embeddable":true,"href":"https:\/\/www.ulkoilutankameraa.fi\/blog\/index.php?rest_route=%2Fwp%2Fv2%2Fcomments&post=7607"}],"version-history":[{"count":1,"href":"https:\/\/www.ulkoilutankameraa.fi\/blog\/index.php?rest_route=\/wp\/v2\/posts\/7607\/revisions"}],"predecessor-version":[{"id":7608,"href":"https:\/\/www.ulkoilutankameraa.fi\/blog\/index.php?rest_route=\/wp\/v2\/posts\/7607\/revisions\/7608"}],"wp:attachment":[{"href":"https:\/\/www.ulkoilutankameraa.fi\/blog\/index.php?rest_route=%2Fwp%2Fv2%2Fmedia&parent=7607"}],"wp:term":[{"taxonomy":"category","embeddable":true,"href":"https:\/\/www.ulkoilutankameraa.fi\/blog\/index.php?rest_route=%2Fwp%2Fv2%2Fcategories&post=7607"},{"taxonomy":"post_tag","embeddable":true,"href":"https:\/\/www.ulkoilutankameraa.fi\/blog\/index.php?rest_route=%2Fwp%2Fv2%2Ftags&post=7607"}],"curies":[{"name":"wp","href":"https:\/\/api.w.org\/{rel}","templated":true}]}}