{"id":7642,"date":"2025-08-14T13:06:48","date_gmt":"2025-08-14T10:06:48","guid":{"rendered":"https:\/\/www.ulkoilutankameraa.fi\/blog\/?p=7642"},"modified":"2025-08-14T13:06:48","modified_gmt":"2025-08-14T10:06:48","slug":"hoh-hoijaa","status":"publish","type":"post","link":"https:\/\/www.ulkoilutankameraa.fi\/blog\/?p=7642","title":{"rendered":"Hoh-hoijaa"},"content":{"rendered":"\n<p>Taas on meneill\u00e4\u00e4n vuoden ylihehkutetuin taivastapahtuma eli perseidit. Muistan er\u00e4\u00e4nkin vuoden &#8211; en kyll\u00e4 muista mik\u00e4 vuosi &#8211; kun n\u00e4in ensimm\u00e4isen lennon noin kello 20:00. Hieno, v\u00e4rik\u00e4s ja kirkas kun n\u00e4kyi noin aikaisin. Enp\u00e4 sitten y\u00f6n aikana juuri muuta n\u00e4hnytk\u00e4\u00e4n.<\/p>\n\n\n\n<p>Ei ole nyt kyky\u00e4 eik\u00e4 kapasiteettia l\u00e4hte\u00e4 hakemaan sopivaa taustaa kuville eik\u00e4 kiinnostusta ja kyky\u00e4 noiden takia valvoa. Omalta pihalta kaupungissa taivasta vasten otetut kuvat ovat varsin tylsi\u00e4. Onhan siell\u00e4 onneksi kuvattavaa p\u00e4iv\u00e4ll\u00e4kin, eik\u00e4 tarvitse l\u00e4hte\u00e4 mihink\u00e4\u00e4n vaan voi istuskella kivasti varjossa. Taivaalla tapahtuu, tosiaan.<\/p>\n\n\n\n<figure class=\"wp-block-image size-full\"><img loading=\"lazy\" decoding=\"async\" width=\"813\" height=\"1080\" src=\"https:\/\/www.ulkoilutankameraa.fi\/blog\/wp-content\/uploads\/2025\/08\/PXL_20250813_1410226363.jpg\" alt=\"\" class=\"wp-image-7641\" srcset=\"https:\/\/www.ulkoilutankameraa.fi\/blog\/wp-content\/uploads\/2025\/08\/PXL_20250813_1410226363.jpg 813w, https:\/\/www.ulkoilutankameraa.fi\/blog\/wp-content\/uploads\/2025\/08\/PXL_20250813_1410226363-325x432.jpg 325w, https:\/\/www.ulkoilutankameraa.fi\/blog\/wp-content\/uploads\/2025\/08\/PXL_20250813_1410226363-113x150.jpg 113w, https:\/\/www.ulkoilutankameraa.fi\/blog\/wp-content\/uploads\/2025\/08\/PXL_20250813_1410226363-681x904.jpg 681w\" sizes=\"auto, (max-width: 813px) 100vw, 813px\" \/><\/figure>\n\n\n\n<p><\/p>\n","protected":false},"excerpt":{"rendered":"<p>Taas on meneill\u00e4\u00e4n vuoden ylihehkutetuin taivastapahtuma eli perseidit. Muistan er\u00e4\u00e4nkin vuoden &#8211; en kyll\u00e4 muista mik\u00e4 vuosi &#8211; kun n\u00e4in ensimm\u00e4isen lennon noin kello 20:00. Hieno, v\u00e4rik\u00e4s ja kirkas kun n\u00e4kyi noin aikaisin. Enp\u00e4 sitten y\u00f6n aikana juuri muuta n\u00e4hnytk\u00e4\u00e4n. Ei ole nyt kyky\u00e4 eik\u00e4 kapasiteettia l\u00e4hte\u00e4 hakemaan sopivaa taustaa kuville eik\u00e4 kiinnostusta ja kyky\u00e4 [&hellip;]<\/p>\n","protected":false},"author":1,"featured_media":0,"comment_status":"closed","ping_status":"open","sticky":false,"template":"","format":"standard","meta":{"footnotes":""},"categories":[1],"tags":[104],"class_list":["post-7642","post","type-post","status-publish","format-standard","hentry","category-uncategorized","tag-taivas","content-columns-1"],"_links":{"self":[{"href":"https:\/\/www.ulkoilutankameraa.fi\/blog\/index.php?rest_route=\/wp\/v2\/posts\/7642","targetHints":{"allow":["GET"]}}],"collection":[{"href":"https:\/\/www.ulkoilutankameraa.fi\/blog\/index.php?rest_route=\/wp\/v2\/posts"}],"about":[{"href":"https:\/\/www.ulkoilutankameraa.fi\/blog\/index.php?rest_route=\/wp\/v2\/types\/post"}],"author":[{"embeddable":true,"href":"https:\/\/www.ulkoilutankameraa.fi\/blog\/index.php?rest_route=\/wp\/v2\/users\/1"}],"replies":[{"embeddable":true,"href":"https:\/\/www.ulkoilutankameraa.fi\/blog\/index.php?rest_route=%2Fwp%2Fv2%2Fcomments&post=7642"}],"version-history":[{"count":2,"href":"https:\/\/www.ulkoilutankameraa.fi\/blog\/index.php?rest_route=\/wp\/v2\/posts\/7642\/revisions"}],"predecessor-version":[{"id":7644,"href":"https:\/\/www.ulkoilutankameraa.fi\/blog\/index.php?rest_route=\/wp\/v2\/posts\/7642\/revisions\/7644"}],"wp:attachment":[{"href":"https:\/\/www.ulkoilutankameraa.fi\/blog\/index.php?rest_route=%2Fwp%2Fv2%2Fmedia&parent=7642"}],"wp:term":[{"taxonomy":"category","embeddable":true,"href":"https:\/\/www.ulkoilutankameraa.fi\/blog\/index.php?rest_route=%2Fwp%2Fv2%2Fcategories&post=7642"},{"taxonomy":"post_tag","embeddable":true,"href":"https:\/\/www.ulkoilutankameraa.fi\/blog\/index.php?rest_route=%2Fwp%2Fv2%2Ftags&post=7642"}],"curies":[{"name":"wp","href":"https:\/\/api.w.org\/{rel}","templated":true}]}}