{"id":7688,"date":"2025-10-11T16:49:36","date_gmt":"2025-10-11T13:49:36","guid":{"rendered":"https:\/\/www.ulkoilutankameraa.fi\/blog\/?p=7688"},"modified":"2025-10-11T16:49:37","modified_gmt":"2025-10-11T13:49:37","slug":"vaahteran-iltahuuto","status":"publish","type":"post","link":"https:\/\/www.ulkoilutankameraa.fi\/blog\/?p=7688","title":{"rendered":"Vaahteran iltahuuto"},"content":{"rendered":"\n<p>Yhten\u00e4 iltana pikkuiseen vaahteraan paistoi iltavalo niin kauniisti, ett\u00e4 aattelin ottaa siit\u00e4 kuvan huomenna. Y\u00f6n aikana tullut sade irroitti siit\u00e4 kaikki paitsi yhden lehden. Seuraavan p\u00e4iv\u00e4n tuuli vei sen viimeisenkin.<\/p>\n\n\n\n<p>Ei voi mit\u00e4\u00e4n. Ensi vuonna uudelleen jos aurinko nousee, eik\u00e4 rusakko ehdi maistelemaan. K\u00e4rsiv\u00e4llisyytt\u00e4 Eih\u00e4n rusakko t\u00e4t\u00e4 sy\u00f6. Se vain maistaa. Siksi aionkin laittaa t\u00e4lle talvisuojauksen heti huomenna vai pit\u00e4isk\u00f6 laittaa jo t\u00e4n\u00e4\u00e4n.<\/p>\n\n\n\n<figure class=\"wp-block-image size-full\"><img loading=\"lazy\" decoding=\"async\" width=\"1080\" height=\"1080\" src=\"https:\/\/www.ulkoilutankameraa.fi\/blog\/wp-content\/uploads\/2025\/10\/DSCF6108.jpg\" alt=\"\" class=\"wp-image-7687\" srcset=\"https:\/\/www.ulkoilutankameraa.fi\/blog\/wp-content\/uploads\/2025\/10\/DSCF6108.jpg 1080w, https:\/\/www.ulkoilutankameraa.fi\/blog\/wp-content\/uploads\/2025\/10\/DSCF6108-325x325.jpg 325w, https:\/\/www.ulkoilutankameraa.fi\/blog\/wp-content\/uploads\/2025\/10\/DSCF6108-150x150.jpg 150w, https:\/\/www.ulkoilutankameraa.fi\/blog\/wp-content\/uploads\/2025\/10\/DSCF6108-904x904.jpg 904w\" sizes=\"auto, (max-width: 1080px) 100vw, 1080px\" \/><\/figure>\n","protected":false},"excerpt":{"rendered":"<p>Yhten\u00e4 iltana pikkuiseen vaahteraan paistoi iltavalo niin kauniisti, ett\u00e4 aattelin ottaa siit\u00e4 kuvan huomenna. Y\u00f6n aikana tullut sade irroitti siit\u00e4 kaikki paitsi yhden lehden. Seuraavan p\u00e4iv\u00e4n tuuli vei sen viimeisenkin. Ei voi mit\u00e4\u00e4n. Ensi vuonna uudelleen jos aurinko nousee, eik\u00e4 rusakko ehdi maistelemaan. K\u00e4rsiv\u00e4llisyytt\u00e4 Eih\u00e4n rusakko t\u00e4t\u00e4 sy\u00f6. Se vain maistaa. Siksi aionkin laittaa t\u00e4lle [&hellip;]<\/p>\n","protected":false},"author":1,"featured_media":0,"comment_status":"closed","ping_status":"open","sticky":false,"template":"","format":"standard","meta":{"footnotes":""},"categories":[1],"tags":[223,83,224],"class_list":["post-7688","post","type-post","status-publish","format-standard","hentry","category-uncategorized","tag-piha","tag-puut","tag-puutarha","content-columns-1"],"_links":{"self":[{"href":"https:\/\/www.ulkoilutankameraa.fi\/blog\/index.php?rest_route=\/wp\/v2\/posts\/7688","targetHints":{"allow":["GET"]}}],"collection":[{"href":"https:\/\/www.ulkoilutankameraa.fi\/blog\/index.php?rest_route=\/wp\/v2\/posts"}],"about":[{"href":"https:\/\/www.ulkoilutankameraa.fi\/blog\/index.php?rest_route=\/wp\/v2\/types\/post"}],"author":[{"embeddable":true,"href":"https:\/\/www.ulkoilutankameraa.fi\/blog\/index.php?rest_route=\/wp\/v2\/users\/1"}],"replies":[{"embeddable":true,"href":"https:\/\/www.ulkoilutankameraa.fi\/blog\/index.php?rest_route=%2Fwp%2Fv2%2Fcomments&post=7688"}],"version-history":[{"count":1,"href":"https:\/\/www.ulkoilutankameraa.fi\/blog\/index.php?rest_route=\/wp\/v2\/posts\/7688\/revisions"}],"predecessor-version":[{"id":7689,"href":"https:\/\/www.ulkoilutankameraa.fi\/blog\/index.php?rest_route=\/wp\/v2\/posts\/7688\/revisions\/7689"}],"wp:attachment":[{"href":"https:\/\/www.ulkoilutankameraa.fi\/blog\/index.php?rest_route=%2Fwp%2Fv2%2Fmedia&parent=7688"}],"wp:term":[{"taxonomy":"category","embeddable":true,"href":"https:\/\/www.ulkoilutankameraa.fi\/blog\/index.php?rest_route=%2Fwp%2Fv2%2Fcategories&post=7688"},{"taxonomy":"post_tag","embeddable":true,"href":"https:\/\/www.ulkoilutankameraa.fi\/blog\/index.php?rest_route=%2Fwp%2Fv2%2Ftags&post=7688"}],"curies":[{"name":"wp","href":"https:\/\/api.w.org\/{rel}","templated":true}]}}