{"id":7924,"date":"2026-09-05T14:10:42","date_gmt":"2026-09-05T11:10:42","guid":{"rendered":"https:\/\/www.ulkoilutankameraa.fi\/blog\/?p=7924"},"modified":"2026-09-04T14:21:04","modified_gmt":"2026-09-04T11:21:04","slug":"auringonkukkapenkissa","status":"publish","type":"post","link":"https:\/\/www.ulkoilutankameraa.fi\/blog\/?p=7924","title":{"rendered":"Auringonkukkapenkiss\u00e4"},"content":{"rendered":"\n<p class=\"wp-block-paragraph\">Kukkapellot trendaavat taas. T\u00e4m\u00e4 on omasta penkist\u00e4. En saanu ket\u00e4\u00e4n siev\u00e4sti poseeraamaan taustalle tai kukkien joukkoon. En tunne ket\u00e4\u00e4n vapaaehtoista 40 senttist\u00e4 mallia. <\/p>\n\n\n\n<p class=\"wp-block-paragraph\">Rajaus on mennyt v\u00e4h\u00e4n alas. En muista oliko se tarkoitus vai vahinko. Joku minulla m\u00e4tt\u00e4\u00e4 SX70:n sihtaamisessa, tarkennuksessa ja laukaisussa. Ensin yrit\u00e4n saada kohteen tarkennuslinssiin ja kun saan tarkaksi, katson miss\u00e4 laukaisunappi on. Laukaisusormi on niin tunnoton, etten tunne namiskan sijaintia. Sitten taas tarkistetaan tarkennus ja kompositio uudelleen ja etsit\u00e4\u00e4n taas sit\u00e4 laukaisunappia. Kyll\u00e4h\u00e4n siin\u00e4 k\u00e4det ja polvet jo v\u00e4syv\u00e4t.<\/p>\n\n\n\n<figure class=\"wp-block-image size-full\"><img loading=\"lazy\" decoding=\"async\" width=\"864\" height=\"1080\" src=\"https:\/\/www.ulkoilutankameraa.fi\/blog\/wp-content\/uploads\/2026\/09\/img20260904_12094534.jpg\" alt=\"\" class=\"wp-image-7921\" srcset=\"https:\/\/www.ulkoilutankameraa.fi\/blog\/wp-content\/uploads\/2026\/09\/img20260904_12094534.jpg 864w, https:\/\/www.ulkoilutankameraa.fi\/blog\/wp-content\/uploads\/2026\/09\/img20260904_12094534-325x406.jpg 325w, https:\/\/www.ulkoilutankameraa.fi\/blog\/wp-content\/uploads\/2026\/09\/img20260904_12094534-120x150.jpg 120w, https:\/\/www.ulkoilutankameraa.fi\/blog\/wp-content\/uploads\/2026\/09\/img20260904_12094534-723x904.jpg 723w\" sizes=\"auto, (max-width: 864px) 100vw, 864px\" \/><\/figure>\n","protected":false},"excerpt":{"rendered":"<p>Kukkapellot trendaavat taas. T\u00e4m\u00e4 on omasta penkist\u00e4. En saanu ket\u00e4\u00e4n siev\u00e4sti poseeraamaan taustalle tai kukkien joukkoon. En tunne ket\u00e4\u00e4n vapaaehtoista 40 senttist\u00e4 mallia. Rajaus on mennyt v\u00e4h\u00e4n alas. En muista oliko se tarkoitus vai vahinko. Joku minulla m\u00e4tt\u00e4\u00e4 SX70:n sihtaamisessa, tarkennuksessa ja laukaisussa. Ensin yrit\u00e4n saada kohteen tarkennuslinssiin ja kun saan tarkaksi, katson miss\u00e4 laukaisunappi [&hellip;]<\/p>\n","protected":false},"author":1,"featured_media":0,"comment_status":"closed","ping_status":"open","sticky":false,"template":"","format":"standard","meta":{"footnotes":""},"categories":[1],"tags":[223,224],"class_list":["post-7924","post","type-post","status-publish","format-standard","hentry","category-uncategorized","tag-piha","tag-puutarha","content-columns-1"],"_links":{"self":[{"href":"https:\/\/www.ulkoilutankameraa.fi\/blog\/index.php?rest_route=\/wp\/v2\/posts\/7924","targetHints":{"allow":["GET"]}}],"collection":[{"href":"https:\/\/www.ulkoilutankameraa.fi\/blog\/index.php?rest_route=\/wp\/v2\/posts"}],"about":[{"href":"https:\/\/www.ulkoilutankameraa.fi\/blog\/index.php?rest_route=\/wp\/v2\/types\/post"}],"author":[{"embeddable":true,"href":"https:\/\/www.ulkoilutankameraa.fi\/blog\/index.php?rest_route=\/wp\/v2\/users\/1"}],"replies":[{"embeddable":true,"href":"https:\/\/www.ulkoilutankameraa.fi\/blog\/index.php?rest_route=%2Fwp%2Fv2%2Fcomments&post=7924"}],"version-history":[{"count":1,"href":"https:\/\/www.ulkoilutankameraa.fi\/blog\/index.php?rest_route=\/wp\/v2\/posts\/7924\/revisions"}],"predecessor-version":[{"id":7925,"href":"https:\/\/www.ulkoilutankameraa.fi\/blog\/index.php?rest_route=\/wp\/v2\/posts\/7924\/revisions\/7925"}],"wp:attachment":[{"href":"https:\/\/www.ulkoilutankameraa.fi\/blog\/index.php?rest_route=%2Fwp%2Fv2%2Fmedia&parent=7924"}],"wp:term":[{"taxonomy":"category","embeddable":true,"href":"https:\/\/www.ulkoilutankameraa.fi\/blog\/index.php?rest_route=%2Fwp%2Fv2%2Fcategories&post=7924"},{"taxonomy":"post_tag","embeddable":true,"href":"https:\/\/www.ulkoilutankameraa.fi\/blog\/index.php?rest_route=%2Fwp%2Fv2%2Ftags&post=7924"}],"curies":[{"name":"wp","href":"https:\/\/api.w.org\/{rel}","templated":true}]}}