{"id":930,"date":"2013-08-05T17:00:05","date_gmt":"2013-08-05T14:00:05","guid":{"rendered":"http:\/\/www.ulkoilutankameraa.fi\/blog\/?p=930"},"modified":"2013-08-04T19:51:48","modified_gmt":"2013-08-04T16:51:48","slug":"rituaaliviikko-nyt-riitti","status":"publish","type":"post","link":"https:\/\/www.ulkoilutankameraa.fi\/blog\/?p=930","title":{"rendered":"Rituaaliviikko Nyt riitti!"},"content":{"rendered":"<p>Hevoskilpailujen l\u00e4hell\u00e4 sattui olemaan Rituaalimuseon Nyt riitti! rituaaliviikon tapahtumia. K\u00e4vin kuuntelemassa FM Sari M\u00e4ntyl\u00e4-Asplund Rikalanm\u00e4en kalmistokierros esitelm\u00e4n, tutustuin Juha Pentik\u00e4isen kokoelma esineist\u00f6\u00f6n ja valokuviin naisshamaaneista. Valokuvat oli ripustettu jurtan kehikkoon.<\/p>\n<p>Ai mik\u00e4 rituaalimuseo <a href=\"http:\/\/rituaalimuseo.fi\/\">http:\/\/rituaalimuseo.fi\/<\/a><\/p>\n<p><a href=\"http:\/\/www.ulkoilutankameraa.fi\/blog\/wp-content\/uploads\/2013\/08\/Camera360_2013_8_4_014306.jpg\"><img loading=\"lazy\" decoding=\"async\" class=\"alignleft size-full wp-image-931\" alt=\"Camera360_2013_8_4_014306\" src=\"http:\/\/www.ulkoilutankameraa.fi\/blog\/wp-content\/uploads\/2013\/08\/Camera360_2013_8_4_014306.jpg\" width=\"900\" height=\"902\" srcset=\"https:\/\/www.ulkoilutankameraa.fi\/blog\/wp-content\/uploads\/2013\/08\/Camera360_2013_8_4_014306.jpg 900w, https:\/\/www.ulkoilutankameraa.fi\/blog\/wp-content\/uploads\/2013\/08\/Camera360_2013_8_4_014306-150x150.jpg 150w, https:\/\/www.ulkoilutankameraa.fi\/blog\/wp-content\/uploads\/2013\/08\/Camera360_2013_8_4_014306-325x325.jpg 325w, https:\/\/www.ulkoilutankameraa.fi\/blog\/wp-content\/uploads\/2013\/08\/Camera360_2013_8_4_014306-650x651.jpg 650w, https:\/\/www.ulkoilutankameraa.fi\/blog\/wp-content\/uploads\/2013\/08\/Camera360_2013_8_4_014306-624x625.jpg 624w\" sizes=\"auto, (max-width: 900px) 100vw, 900px\" \/><\/a><a href=\"http:\/\/www.ulkoilutankameraa.fi\/blog\/wp-content\/uploads\/2013\/08\/Camera360_2013_8_4_020317.jpg\"><img loading=\"lazy\" decoding=\"async\" class=\"alignleft size-full wp-image-932\" alt=\"Camera360_2013_8_4_020317\" src=\"http:\/\/www.ulkoilutankameraa.fi\/blog\/wp-content\/uploads\/2013\/08\/Camera360_2013_8_4_020317.jpg\" width=\"900\" height=\"902\" srcset=\"https:\/\/www.ulkoilutankameraa.fi\/blog\/wp-content\/uploads\/2013\/08\/Camera360_2013_8_4_020317.jpg 900w, https:\/\/www.ulkoilutankameraa.fi\/blog\/wp-content\/uploads\/2013\/08\/Camera360_2013_8_4_020317-150x150.jpg 150w, https:\/\/www.ulkoilutankameraa.fi\/blog\/wp-content\/uploads\/2013\/08\/Camera360_2013_8_4_020317-325x325.jpg 325w, https:\/\/www.ulkoilutankameraa.fi\/blog\/wp-content\/uploads\/2013\/08\/Camera360_2013_8_4_020317-650x651.jpg 650w, https:\/\/www.ulkoilutankameraa.fi\/blog\/wp-content\/uploads\/2013\/08\/Camera360_2013_8_4_020317-624x625.jpg 624w\" sizes=\"auto, (max-width: 900px) 100vw, 900px\" \/><\/a><a href=\"http:\/\/www.ulkoilutankameraa.fi\/blog\/wp-content\/uploads\/2013\/08\/P8049765.jpg\"><img loading=\"lazy\" decoding=\"async\" class=\"alignleft size-full wp-image-927\" alt=\"OLYMPUS DIGITAL CAMERA\" src=\"http:\/\/www.ulkoilutankameraa.fi\/blog\/wp-content\/uploads\/2013\/08\/P8049765.jpg\" width=\"1024\" height=\"768\" srcset=\"https:\/\/www.ulkoilutankameraa.fi\/blog\/wp-content\/uploads\/2013\/08\/P8049765.jpg 1024w, https:\/\/www.ulkoilutankameraa.fi\/blog\/wp-content\/uploads\/2013\/08\/P8049765-150x112.jpg 150w, https:\/\/www.ulkoilutankameraa.fi\/blog\/wp-content\/uploads\/2013\/08\/P8049765-325x243.jpg 325w, https:\/\/www.ulkoilutankameraa.fi\/blog\/wp-content\/uploads\/2013\/08\/P8049765-650x487.jpg 650w, https:\/\/www.ulkoilutankameraa.fi\/blog\/wp-content\/uploads\/2013\/08\/P8049765-624x468.jpg 624w\" sizes=\"auto, (max-width: 1024px) 100vw, 1024px\" \/><\/a><\/p>\n<p>d<\/p>\n<p>&nbsp;<\/p>\n","protected":false},"excerpt":{"rendered":"<p>Hevoskilpailujen l\u00e4hell\u00e4 sattui olemaan Rituaalimuseon Nyt riitti! rituaaliviikon tapahtumia. K\u00e4vin kuuntelemassa FM Sari M\u00e4ntyl\u00e4-Asplund Rikalanm\u00e4en kalmistokierros esitelm\u00e4n, tutustuin Juha Pentik\u00e4isen kokoelma esineist\u00f6\u00f6n ja valokuviin naisshamaaneista. Valokuvat oli ripustettu jurtan kehikkoon. Ai mik\u00e4 rituaalimuseo http:\/\/rituaalimuseo.fi\/ d &nbsp;<\/p>\n","protected":false},"author":1,"featured_media":0,"comment_status":"open","ping_status":"open","sticky":false,"template":"","format":"standard","meta":{"footnotes":""},"categories":[1],"tags":[31,27,90,25,17,26],"class_list":["post-930","post","type-post","status-publish","format-standard","hentry","category-uncategorized","tag-exhibition","tag-happenings","tag-mobile","tag-nayttelyt","tag-salo","tag-tapahtumat"],"_links":{"self":[{"href":"https:\/\/www.ulkoilutankameraa.fi\/blog\/index.php?rest_route=\/wp\/v2\/posts\/930","targetHints":{"allow":["GET"]}}],"collection":[{"href":"https:\/\/www.ulkoilutankameraa.fi\/blog\/index.php?rest_route=\/wp\/v2\/posts"}],"about":[{"href":"https:\/\/www.ulkoilutankameraa.fi\/blog\/index.php?rest_route=\/wp\/v2\/types\/post"}],"author":[{"embeddable":true,"href":"https:\/\/www.ulkoilutankameraa.fi\/blog\/index.php?rest_route=\/wp\/v2\/users\/1"}],"replies":[{"embeddable":true,"href":"https:\/\/www.ulkoilutankameraa.fi\/blog\/index.php?rest_route=%2Fwp%2Fv2%2Fcomments&post=930"}],"version-history":[{"count":1,"href":"https:\/\/www.ulkoilutankameraa.fi\/blog\/index.php?rest_route=\/wp\/v2\/posts\/930\/revisions"}],"predecessor-version":[{"id":933,"href":"https:\/\/www.ulkoilutankameraa.fi\/blog\/index.php?rest_route=\/wp\/v2\/posts\/930\/revisions\/933"}],"wp:attachment":[{"href":"https:\/\/www.ulkoilutankameraa.fi\/blog\/index.php?rest_route=%2Fwp%2Fv2%2Fmedia&parent=930"}],"wp:term":[{"taxonomy":"category","embeddable":true,"href":"https:\/\/www.ulkoilutankameraa.fi\/blog\/index.php?rest_route=%2Fwp%2Fv2%2Fcategories&post=930"},{"taxonomy":"post_tag","embeddable":true,"href":"https:\/\/www.ulkoilutankameraa.fi\/blog\/index.php?rest_route=%2Fwp%2Fv2%2Ftags&post=930"}],"curies":[{"name":"wp","href":"https:\/\/api.w.org\/{rel}","templated":true}]}}